{"id":41886,"date":"2025-03-17T11:07:04","date_gmt":"2025-03-17T14:07:04","guid":{"rendered":"https:\/\/www.bancocmf.com.ar\/cmf-pre-market-17-03-25\/"},"modified":"2025-03-17T11:07:04","modified_gmt":"2025-03-17T14:07:04","slug":"cmf-pre-market-17-03-25","status":"publish","type":"post","link":"https:\/\/www.bancocmf.com.ar\/en\/cmf-pre-market-17-03-25\/","title":{"rendered":"CMF PRE-MARKET 17-03-25"},"content":{"rendered":"\n<p><strong><em>Curva de futuros al alza<\/em><\/strong><\/p>\n\n\n\n<p><em>En la \u00faltima rueda de la semana pasada, la curva de futuros oper\u00f3 demandada, con todos los pases de A3 (ex Rofex) hasta agosto 2025 cerrando en zona de 2% mensual de devaluaci\u00f3n. No hay un motivo claro, pero el consenso parece inclinarse hacia el cierre de posiciones vendedores de algunos bancos, que empuj\u00f3 la curva de futuros al alza. Temprano por la ma\u00f1ana comenz\u00f3 a verse demanda y se mantuvo en niveles elevados durante todo el d\u00eda. En el spot, el BCRA cerr\u00f3 el saldo vendedor m\u00e1s grande del 2025 y el segundo m\u00e1s abultado de la gesti\u00f3n Milei. <strong>No creemos que sea un cambio de tendencia, por lo que estaremos atentos a lo que suceda esta semana.<\/strong> \u00a0<\/em><\/p>\n\n\n\n<ul class=\"wp-block-list\">\n<li><strong>Mercado de cambios:<\/strong> el BCRA contin\u00faa el <em>crawling peg <\/em>a 1% mensual y el FX mayorista abre la jornada en $1.067,5.<\/li>\n\n\n\n<li><strong>Inflaci\u00f3n: <\/strong>el INDEC inform\u00f3 el viernes que la inflaci\u00f3n de febrero fue de 2,4% mensual, aumentando 0,2 puntos respecto al dato de enero. El IPC N\u00facleo fue de 2,9%, mientras que los precios regulados aumentaron 2,3% y los Estacionales anotaron una deflaci\u00f3n de 0,8%.<\/li>\n\n\n\n<li><strong>Acuerdo con el FMI: <\/strong>el d\u00eda de ma\u00f1ana se reunir\u00e1 la Bicameral de Tr\u00e1mite Legislativo para discutir el Decreto del acuerdo con el FMI. Durante el fin de semana, tanto los diputados de la Coalici\u00f3n C\u00edvica como los del MID anunciaron que votar\u00e1n a favor del decreto.<\/li>\n\n\n\n<li><strong>Resultado fiscal: <\/strong>hoy por la tarde, el MECON publicar\u00e1 el resultado fiscal de febrero. En enero, el Sector P\u00fablico Nacional registr\u00f3 un super\u00e1vit primario de $2,43 billones y un super\u00e1vit financiero de $0,6 billones.<\/li>\n\n\n\n<li><strong>Saldo en el MULC: <\/strong>el Banco Central vendi\u00f3 el viernes USD 474 MM en el MULC, anotando as\u00ed el mayor registro de ventas del a\u00f1o.<\/li>\n\n\n\n<li><strong>Contexto internacional: <\/strong>la actividad de f\u00e1bricas en Nueva York registr\u00f3 la mayor ca\u00edda en casi dos a\u00f1os, con \u00f3rdenes desplom\u00e1ndose y precios creciendo a su mayor ritmo en m\u00e1s de dos a\u00f1os. El \u00edndice Empire State Manufacturing de la Reserva Federal de Nueva York cay\u00f3 casi 26 puntos -mayor ca\u00edda desde mayo 2023- y qued\u00f3 en -20 desde 5,7 en febrero. Por su parte, las ventas minoristas subieron menos de lo esperado en febrero (0,2% vs 0,6% est.), y enero tuvo una revisi\u00f3n a la baja (-1,2% desde -0,9%). El mi\u00e9rcoles, la Fed dar\u00e1 a conocer la decisi\u00f3n de tasas; el mercado asigna una probabilidad del 99% a que se mantenga sin cambios (reci\u00e9n espera un recorte para la reuni\u00f3n de junio).<\/li>\n<\/ul>\n\n\n\n<p><strong>Este informe ha sido elaborado a t\u00edtulo informativo. El presente NO debe ser tomado como una recomendaci\u00f3n o instrucci\u00f3n, y no reviste car\u00e1cter de ofertas de productos y\/o servicios ni solicitud de orden&nbsp;de compra y\/o venta. Banco CMF S.A. no ser\u00e1 responsable por ning\u00fan error y\/u omisi\u00f3n del contenido.<\/strong><\/p>\n\n\n\n<p><strong><em>Copyright \u00a9 2017 Banco CMF S.A. All rights reserved.<\/em><\/strong><\/p>\n","protected":false},"excerpt":{"rendered":"<p>Curva de futuros al alza En la \u00faltima rueda de la semana pasada, la curva de futuros oper\u00f3 demandada, con todos los pases de A3 (ex Rofex) hasta agosto 2025 cerrando en zona de 2% mensual de devaluaci\u00f3n. No hay un motivo claro, pero el consenso parece inclinarse hacia el cierre de posiciones vendedores de algunos bancos, que empuj\u00f3 la curva de futuros al alza. Temprano por la ma\u00f1ana comenz\u00f3 a verse demanda y se mantuvo en niveles elevados durante todo el d\u00eda. En el spot, el BCRA cerr\u00f3 el saldo vendedor m\u00e1s grande del 2025 y el segundo m\u00e1s [&hellip;]<\/p>\n","protected":false},"author":14,"featured_media":0,"comment_status":"closed","ping_status":"closed","sticky":false,"template":"","format":"standard","meta":{"_uag_custom_page_level_css":"","advgb_blocks_editor_width":"","advgb_blocks_columns_visual_guide":"","site-sidebar-layout":"default","site-content-layout":"","ast-site-content-layout":"default","site-content-style":"default","site-sidebar-style":"default","ast-global-header-display":"","ast-banner-title-visibility":"","ast-main-header-display":"","ast-hfb-above-header-display":"","ast-hfb-below-header-display":"","ast-hfb-mobile-header-display":"","site-post-title":"","ast-breadcrumbs-content":"","ast-featured-img":"","footer-sml-layout":"","ast-disable-related-posts":"","theme-transparent-header-meta":"","adv-header-id-meta":"","stick-header-meta":"","header-above-stick-meta":"","header-main-stick-meta":"","header-below-stick-meta":"","astra-migrate-meta-layouts":"default","ast-page-background-enabled":"default","ast-page-background-meta":{"desktop":{"background-color":"var(--ast-global-color-4)","background-image":"","background-repeat":"repeat","background-position":"center center","background-size":"auto","background-attachment":"scroll","background-type":"","background-media":"","overlay-type":"","overlay-color":"","overlay-opacity":"","overlay-gradient":""},"tablet":{"background-color":"","background-image":"","background-repeat":"repeat","background-position":"center center","background-size":"auto","background-attachment":"scroll","background-type":"","background-media":"","overlay-type":"","overlay-color":"","overlay-opacity":"","overlay-gradient":""},"mobile":{"background-color":"","background-image":"","background-repeat":"repeat","background-position":"center center","background-size":"auto","background-attachment":"scroll","background-type":"","background-media":"","overlay-type":"","overlay-color":"","overlay-opacity":"","overlay-gradient":""}},"ast-content-background-meta":{"desktop":{"background-color":"var(--ast-global-color-5)","background-image":"","background-repeat":"repeat","background-position":"center center","background-size":"auto","background-attachment":"scroll","background-type":"","background-media":"","overlay-type":"","overlay-color":"","overlay-opacity":"","overlay-gradient":""},"tablet":{"background-color":"var(--ast-global-color-5)","background-image":"","background-repeat":"repeat","background-position":"center center","background-size":"auto","background-attachment":"scroll","background-type":"","background-media":"","overlay-type":"","overlay-color":"","overlay-opacity":"","overlay-gradient":""},"mobile":{"background-color":"var(--ast-global-color-5)","background-image":"","background-repeat":"repeat","background-position":"center center","background-size":"auto","background-attachment":"scroll","background-type":"","background-media":"","overlay-type":"","overlay-color":"","overlay-opacity":"","overlay-gradient":""}},"_joinchat":[],"footnotes":""},"categories":[56],"tags":[],"class_list":["post-41886","post","type-post","status-publish","format-standard","hentry","category-pre-market-daily-close-en"],"yoast_head":"<!-- This site is optimized with the Yoast SEO plugin v27.2 - https:\/\/yoast.com\/product\/yoast-seo-wordpress\/ -->\n<title>CMF PRE-MARKET 17-03-25<\/title>\n<meta name=\"robots\" content=\"index, follow, max-snippet:-1, max-image-preview:large, max-video-preview:-1\" \/>\n<link rel=\"canonical\" href=\"https:\/\/www.bancocmf.com.ar\/en\/cmf-pre-market-17-03-25\/\" \/>\n<meta property=\"og:locale\" content=\"en_US\" \/>\n<meta property=\"og:type\" content=\"article\" \/>\n<meta property=\"og:title\" content=\"CMF PRE-MARKET 17-03-25\" \/>\n<meta property=\"og:description\" content=\"Curva de futuros al alza En la \u00faltima rueda de la semana pasada, la curva de futuros oper\u00f3 demandada, con todos los pases de A3 (ex Rofex) hasta agosto 2025 cerrando en zona de 2% mensual de devaluaci\u00f3n. No hay un motivo claro, pero el consenso parece inclinarse hacia el cierre de posiciones vendedores de algunos bancos, que empuj\u00f3 la curva de futuros al alza. Temprano por la ma\u00f1ana comenz\u00f3 a verse demanda y se mantuvo en niveles elevados durante todo el d\u00eda. En el spot, el BCRA cerr\u00f3 el saldo vendedor m\u00e1s grande del 2025 y el segundo m\u00e1s [&hellip;]\" \/>\n<meta property=\"og:url\" content=\"https:\/\/www.bancocmf.com.ar\/en\/cmf-pre-market-17-03-25\/\" \/>\n<meta property=\"og:site_name\" content=\"Banco CMF\" \/>\n<meta property=\"article:publisher\" content=\"https:\/\/www.facebook.com\/BancoCMF\" \/>\n<meta property=\"article:published_time\" content=\"2025-03-17T14:07:04+00:00\" \/>\n<meta property=\"og:image\" content=\"https:\/\/www.bancocmf.com.ar\/wp-content\/uploads\/Cmf-Logo.png\" \/>\n\t<meta property=\"og:image:width\" content=\"254\" \/>\n\t<meta property=\"og:image:height\" content=\"106\" \/>\n\t<meta property=\"og:image:type\" content=\"image\/png\" \/>\n<meta name=\"author\" content=\"Franco Adrian Berra\" \/>\n<meta name=\"twitter:card\" content=\"summary_large_image\" \/>\n<meta name=\"twitter:creator\" content=\"@BancoCMF\" \/>\n<meta name=\"twitter:site\" content=\"@BancoCMF\" \/>\n<meta name=\"twitter:label1\" content=\"Written by\" \/>\n\t<meta name=\"twitter:data1\" content=\"Franco Adrian Berra\" \/>\n\t<meta name=\"twitter:label2\" content=\"Est. reading time\" \/>\n\t<meta name=\"twitter:data2\" content=\"3 minutes\" \/>\n<script type=\"application\/ld+json\" class=\"yoast-schema-graph\">{\"@context\":\"https:\/\/schema.org\",\"@graph\":[{\"@type\":\"Article\",\"@id\":\"https:\/\/www.bancocmf.com.ar\/en\/cmf-pre-market-17-03-25\/#article\",\"isPartOf\":{\"@id\":\"https:\/\/www.bancocmf.com.ar\/en\/cmf-pre-market-17-03-25\/\"},\"author\":{\"name\":\"Franco Adrian Berra\",\"@id\":\"https:\/\/www.bancocmf.com.ar\/#\/schema\/person\/efebf4507badcb7acbb9052bad2d8ad2\"},\"headline\":\"CMF PRE-MARKET 17-03-25\",\"datePublished\":\"2025-03-17T14:07:04+00:00\",\"mainEntityOfPage\":{\"@id\":\"https:\/\/www.bancocmf.com.ar\/en\/cmf-pre-market-17-03-25\/\"},\"wordCount\":505,\"publisher\":{\"@id\":\"https:\/\/www.bancocmf.com.ar\/#organization\"},\"articleSection\":[\"Pre Market &amp; Daily Close\"],\"inLanguage\":\"en-US\"},{\"@type\":\"WebPage\",\"@id\":\"https:\/\/www.bancocmf.com.ar\/en\/cmf-pre-market-17-03-25\/\",\"url\":\"https:\/\/www.bancocmf.com.ar\/en\/cmf-pre-market-17-03-25\/\",\"name\":\"CMF PRE-MARKET 17-03-25\",\"isPartOf\":{\"@id\":\"https:\/\/www.bancocmf.com.ar\/#website\"},\"datePublished\":\"2025-03-17T14:07:04+00:00\",\"inLanguage\":\"en-US\",\"potentialAction\":[{\"@type\":\"ReadAction\",\"target\":[\"https:\/\/www.bancocmf.com.ar\/en\/cmf-pre-market-17-03-25\/\"]}]},{\"@type\":\"WebSite\",\"@id\":\"https:\/\/www.bancocmf.com.ar\/#website\",\"url\":\"https:\/\/www.bancocmf.com.ar\/\",\"name\":\"Banco CMF\",\"description\":\"Valor es conocerte\",\"publisher\":{\"@id\":\"https:\/\/www.bancocmf.com.ar\/#organization\"},\"alternateName\":\"CMF\",\"potentialAction\":[{\"@type\":\"SearchAction\",\"target\":{\"@type\":\"EntryPoint\",\"urlTemplate\":\"https:\/\/www.bancocmf.com.ar\/?s={search_term_string}\"},\"query-input\":{\"@type\":\"PropertyValueSpecification\",\"valueRequired\":true,\"valueName\":\"search_term_string\"}}],\"inLanguage\":\"en-US\"},{\"@type\":\"Organization\",\"@id\":\"https:\/\/www.bancocmf.com.ar\/#organization\",\"name\":\"Banco CMF\",\"alternateName\":\"CMF\",\"url\":\"https:\/\/www.bancocmf.com.ar\/\",\"logo\":{\"@type\":\"ImageObject\",\"inLanguage\":\"en-US\",\"@id\":\"https:\/\/www.bancocmf.com.ar\/#\/schema\/logo\/image\/\",\"url\":\"\/wp-content\/uploads\/2023\/12\/cmf-banco-corporativo.png\",\"contentUrl\":\"\/wp-content\/uploads\/2023\/12\/cmf-banco-corporativo.png\",\"width\":254,\"height\":106,\"caption\":\"Banco CMF\"},\"image\":{\"@id\":\"https:\/\/www.bancocmf.com.ar\/#\/schema\/logo\/image\/\"},\"sameAs\":[\"https:\/\/www.facebook.com\/BancoCMF\",\"https:\/\/x.com\/BancoCMF\",\"https:\/\/www.linkedin.com\/company\/bancocmf\/\"]},{\"@type\":\"Person\",\"@id\":\"https:\/\/www.bancocmf.com.ar\/#\/schema\/person\/efebf4507badcb7acbb9052bad2d8ad2\",\"name\":\"Franco Adrian Berra\",\"image\":{\"@type\":\"ImageObject\",\"inLanguage\":\"en-US\",\"@id\":\"https:\/\/secure.gravatar.com\/avatar\/2e32d350e972c7bf02640d41e09497adfa7f15b6315c0b857fd4b9011e40291b?s=96&d=mm&r=g\",\"url\":\"https:\/\/secure.gravatar.com\/avatar\/2e32d350e972c7bf02640d41e09497adfa7f15b6315c0b857fd4b9011e40291b?s=96&d=mm&r=g\",\"contentUrl\":\"https:\/\/secure.gravatar.com\/avatar\/2e32d350e972c7bf02640d41e09497adfa7f15b6315c0b857fd4b9011e40291b?s=96&d=mm&r=g\",\"caption\":\"Franco Adrian Berra\"}}]}<\/script>\n<!-- \/ Yoast SEO plugin. -->","yoast_head_json":{"title":"CMF PRE-MARKET 17-03-25","robots":{"index":"index","follow":"follow","max-snippet":"max-snippet:-1","max-image-preview":"max-image-preview:large","max-video-preview":"max-video-preview:-1"},"canonical":"https:\/\/www.bancocmf.com.ar\/en\/cmf-pre-market-17-03-25\/","og_locale":"en_US","og_type":"article","og_title":"CMF PRE-MARKET 17-03-25","og_description":"Curva de futuros al alza En la \u00faltima rueda de la semana pasada, la curva de futuros oper\u00f3 demandada, con todos los pases de A3 (ex Rofex) hasta agosto 2025 cerrando en zona de 2% mensual de devaluaci\u00f3n. No hay un motivo claro, pero el consenso parece inclinarse hacia el cierre de posiciones vendedores de algunos bancos, que empuj\u00f3 la curva de futuros al alza. Temprano por la ma\u00f1ana comenz\u00f3 a verse demanda y se mantuvo en niveles elevados durante todo el d\u00eda. En el spot, el BCRA cerr\u00f3 el saldo vendedor m\u00e1s grande del 2025 y el segundo m\u00e1s [&hellip;]","og_url":"https:\/\/www.bancocmf.com.ar\/en\/cmf-pre-market-17-03-25\/","og_site_name":"Banco CMF","article_publisher":"https:\/\/www.facebook.com\/BancoCMF","article_published_time":"2025-03-17T14:07:04+00:00","og_image":[{"width":254,"height":106,"url":"https:\/\/www.bancocmf.com.ar\/wp-content\/uploads\/Cmf-Logo.png","type":"image\/png"}],"author":"Franco Adrian Berra","twitter_card":"summary_large_image","twitter_creator":"@BancoCMF","twitter_site":"@BancoCMF","twitter_misc":{"Written by":"Franco Adrian Berra","Est. reading time":"3 minutes"},"schema":{"@context":"https:\/\/schema.org","@graph":[{"@type":"Article","@id":"https:\/\/www.bancocmf.com.ar\/en\/cmf-pre-market-17-03-25\/#article","isPartOf":{"@id":"https:\/\/www.bancocmf.com.ar\/en\/cmf-pre-market-17-03-25\/"},"author":{"name":"Franco Adrian Berra","@id":"https:\/\/www.bancocmf.com.ar\/#\/schema\/person\/efebf4507badcb7acbb9052bad2d8ad2"},"headline":"CMF PRE-MARKET 17-03-25","datePublished":"2025-03-17T14:07:04+00:00","mainEntityOfPage":{"@id":"https:\/\/www.bancocmf.com.ar\/en\/cmf-pre-market-17-03-25\/"},"wordCount":505,"publisher":{"@id":"https:\/\/www.bancocmf.com.ar\/#organization"},"articleSection":["Pre Market &amp; Daily Close"],"inLanguage":"en-US"},{"@type":"WebPage","@id":"https:\/\/www.bancocmf.com.ar\/en\/cmf-pre-market-17-03-25\/","url":"https:\/\/www.bancocmf.com.ar\/en\/cmf-pre-market-17-03-25\/","name":"CMF PRE-MARKET 17-03-25","isPartOf":{"@id":"https:\/\/www.bancocmf.com.ar\/#website"},"datePublished":"2025-03-17T14:07:04+00:00","inLanguage":"en-US","potentialAction":[{"@type":"ReadAction","target":["https:\/\/www.bancocmf.com.ar\/en\/cmf-pre-market-17-03-25\/"]}]},{"@type":"WebSite","@id":"https:\/\/www.bancocmf.com.ar\/#website","url":"https:\/\/www.bancocmf.com.ar\/","name":"Banco CMF","description":"Valor es conocerte","publisher":{"@id":"https:\/\/www.bancocmf.com.ar\/#organization"},"alternateName":"CMF","potentialAction":[{"@type":"SearchAction","target":{"@type":"EntryPoint","urlTemplate":"https:\/\/www.bancocmf.com.ar\/?s={search_term_string}"},"query-input":{"@type":"PropertyValueSpecification","valueRequired":true,"valueName":"search_term_string"}}],"inLanguage":"en-US"},{"@type":"Organization","@id":"https:\/\/www.bancocmf.com.ar\/#organization","name":"Banco CMF","alternateName":"CMF","url":"https:\/\/www.bancocmf.com.ar\/","logo":{"@type":"ImageObject","inLanguage":"en-US","@id":"https:\/\/www.bancocmf.com.ar\/#\/schema\/logo\/image\/","url":"\/wp-content\/uploads\/2023\/12\/cmf-banco-corporativo.png","contentUrl":"\/wp-content\/uploads\/2023\/12\/cmf-banco-corporativo.png","width":254,"height":106,"caption":"Banco CMF"},"image":{"@id":"https:\/\/www.bancocmf.com.ar\/#\/schema\/logo\/image\/"},"sameAs":["https:\/\/www.facebook.com\/BancoCMF","https:\/\/x.com\/BancoCMF","https:\/\/www.linkedin.com\/company\/bancocmf\/"]},{"@type":"Person","@id":"https:\/\/www.bancocmf.com.ar\/#\/schema\/person\/efebf4507badcb7acbb9052bad2d8ad2","name":"Franco Adrian Berra","image":{"@type":"ImageObject","inLanguage":"en-US","@id":"https:\/\/secure.gravatar.com\/avatar\/2e32d350e972c7bf02640d41e09497adfa7f15b6315c0b857fd4b9011e40291b?s=96&d=mm&r=g","url":"https:\/\/secure.gravatar.com\/avatar\/2e32d350e972c7bf02640d41e09497adfa7f15b6315c0b857fd4b9011e40291b?s=96&d=mm&r=g","contentUrl":"https:\/\/secure.gravatar.com\/avatar\/2e32d350e972c7bf02640d41e09497adfa7f15b6315c0b857fd4b9011e40291b?s=96&d=mm&r=g","caption":"Franco Adrian Berra"}}]}},"author_meta":{"display_name":"Franco Adrian Berra","author_link":"https:\/\/www.bancocmf.com.ar\/en\/author\/fberra\/"},"featured_img":null,"uagb_featured_image_src":{"full":false,"thumbnail":false,"medium":false,"medium_large":false,"large":false,"gs-tiny":false,"xl":false,"xxl":false,"xxxl":false,"xxxxl":false,"xxxxxl":false,"1536x1536":false,"2048x2048":false},"uagb_author_info":{"display_name":"Franco Adrian Berra","author_link":"https:\/\/www.bancocmf.com.ar\/en\/author\/fberra\/"},"uagb_comment_info":0,"uagb_excerpt":"Curva de futuros al alza En la \u00faltima rueda de la semana pasada, la curva de futuros oper\u00f3 demandada, con todos los pases de A3 (ex Rofex) hasta agosto 2025 cerrando en zona de 2% mensual de devaluaci\u00f3n. No hay un motivo claro, pero el consenso parece inclinarse hacia el cierre de posiciones vendedores de&hellip;","coauthors":[],"tax_additional":{"categories":{"linked":["<a href=\"https:\/\/www.bancocmf.com.ar\/en\/category\/pre-market-daily-close-en\/\" class=\"advgb-post-tax-term\">Pre Market &amp; Daily Close<\/a>"],"unlinked":["<span class=\"advgb-post-tax-term\">Pre Market &amp; Daily Close<\/span>"]}},"comment_count":0,"relative_dates":{"created":"Posted 1 year ago","modified":"Updated 1 year ago"},"absolute_dates":{"created":"Posted on March 17, 2025","modified":"Updated on March 17, 2025"},"absolute_dates_time":{"created":"Posted on March 17, 2025 11:07 am","modified":"Updated on March 17, 2025 11:07 am"},"featured_img_caption":"","series_order":"","_links":{"self":[{"href":"https:\/\/www.bancocmf.com.ar\/en\/wp-json\/wp\/v2\/posts\/41886","targetHints":{"allow":["GET"]}}],"collection":[{"href":"https:\/\/www.bancocmf.com.ar\/en\/wp-json\/wp\/v2\/posts"}],"about":[{"href":"https:\/\/www.bancocmf.com.ar\/en\/wp-json\/wp\/v2\/types\/post"}],"author":[{"embeddable":true,"href":"https:\/\/www.bancocmf.com.ar\/en\/wp-json\/wp\/v2\/users\/14"}],"replies":[{"embeddable":true,"href":"https:\/\/www.bancocmf.com.ar\/en\/wp-json\/wp\/v2\/comments?post=41886"}],"version-history":[{"count":0,"href":"https:\/\/www.bancocmf.com.ar\/en\/wp-json\/wp\/v2\/posts\/41886\/revisions"}],"wp:attachment":[{"href":"https:\/\/www.bancocmf.com.ar\/en\/wp-json\/wp\/v2\/media?parent=41886"}],"wp:term":[{"taxonomy":"category","embeddable":true,"href":"https:\/\/www.bancocmf.com.ar\/en\/wp-json\/wp\/v2\/categories?post=41886"},{"taxonomy":"post_tag","embeddable":true,"href":"https:\/\/www.bancocmf.com.ar\/en\/wp-json\/wp\/v2\/tags?post=41886"}],"curies":[{"name":"wp","href":"https:\/\/api.w.org\/{rel}","templated":true}]}}