{"id":39919,"date":"2024-10-15T14:15:34","date_gmt":"2024-10-15T17:15:34","guid":{"rendered":"https:\/\/www.bancocmf.com.ar\/por-que-tres-reconocidos-economistas-recomiendan-sacar-el-cepo-gradualmente\/"},"modified":"2024-10-15T14:18:16","modified_gmt":"2024-10-15T17:18:16","slug":"por-que-tres-reconocidos-economistas-recomiendan-sacar-el-cepo-gradualmente","status":"publish","type":"post","link":"https:\/\/www.bancocmf.com.ar\/en\/por-que-tres-reconocidos-economistas-recomiendan-sacar-el-cepo-gradualmente\/","title":{"rendered":"Por qu\u00e9 tres reconocidos economistas recomiendan sacar el cepo gradualmente"},"content":{"rendered":"\n<p>Ricardo Arriazu, Rafael Di Tella y Gustavo Ca\u00f1onero disertaron en las Jornadas Monetarias y Bancarias 2024, que organiza el Banco Central.<\/p>\n\n\n\n<p>En medio de una de las&nbsp;<a href=\"https:\/\/www.lanacion.com.ar\/economia\/dolar\/tras-su-mejor-semana-el-gobierno-espera-que-la-primavera-financiera-se-extienda-mas-alla-del-nid13102024\/\">mejores semanas financieras<\/a>&nbsp;desde que inici\u00f3 la gesti\u00f3n&nbsp;<strong>Javier Milei<\/strong>, el presidente del Banco Central (BCRA),&nbsp;<strong>Santiago Bausili<\/strong>, brind\u00f3 hoy el discurso de apertura de las Jornadas Monetarias y Bancarias 2024, que organiza la entidad cada a\u00f1o. El economista destac\u00f3 como uno de los logros del programa econ\u00f3mico de los \u00faltimos 10 meses el hecho de haber anclado las expectativas respecto a la performance fiscal del Gobierno. \u201cEn el primer trimestre se debat\u00eda la sostenibilidad del balance fiscal y&nbsp;<strong>hoy ser\u00eda una sorpresa que no se cumpla con la meta fiscal. Esto, a su vez, ayud\u00f3 a anclar las expectativas inflacionarias\u201d<\/strong>, dijo.<\/p>\n\n\n\n<div class=\"wp-block-uagb-image aligncenter uagb-block-93b5e077 wp-block-uagb-image--layout-default wp-block-uagb-image--effect-static wp-block-uagb-image--align-center\"><figure class=\"wp-block-uagb-image__figure\"><img decoding=\"async\" data-srcset=\"\/wp-content\/uploads\/economistas-recomiendan-sacar-el-cepo-gradualmente.jpg ,\/wp-content\/uploads\/economistas-recomiendan-sacar-el-cepo-gradualmente.jpg 780w, \/wp-content\/uploads\/economistas-recomiendan-sacar-el-cepo-gradualmente.jpg 360w\" data-sizes=\"auto, (max-width: 480px) 150px\" data-src=\"\/wp-content\/uploads\/economistas-recomiendan-sacar-el-cepo-gradualmente.jpg\" alt=\"\" class=\"uag-image-39915 lazyload\" width=\"870\" height=\"579\" title=\"economistas-recomiendan-sacar-el-cepo-gradualmente\" role=\"img\" src=\"data:image\/svg+xml;base64,PHN2ZyB3aWR0aD0iMSIgaGVpZ2h0PSIxIiB4bWxucz0iaHR0cDovL3d3dy53My5vcmcvMjAwMC9zdmciPjwvc3ZnPg==\" style=\"--smush-placeholder-width: 870px; --smush-placeholder-aspect-ratio: 870\/579;\" \/><figcaption class=\"uagb-image-caption\">Los economistas Ricardo Arriazu, Rafael Di Tella y Gustavo Ca\u00f1onero.<\/figcaption><\/figure><\/div>\n\n\n\n<p>Su comentario fue para introducir el evento que organiza el BCRA, en el cual se destac\u00f3 el panel que compartieron los economistas\u00a0<strong>Ricardo Arriazu<\/strong>, socio fundador de Arriazu Macroanalistas;\u00a0<strong>Gustavo Ca\u00f1onero<\/strong>, presidente de CMF Asset Management y exvicepresidente del BCRA durante la gesti\u00f3n de Mauricio Macri, y\u00a0<strong>Rafael Di Tella<\/strong>, profesor de Harvard University y de la Universidad Di Tella.<\/p>\n\n\n\n<p><\/p>\n\n\n\n<p><a href=\"https:\/\/www.lanacion.com.ar\/economia\/por-que-tres-reconocidos-economistas-recomiendan-sacar-el-cepo-gradualmente-nid14102024\/\">Leer nota completa<\/a><\/p>\n","protected":false},"excerpt":{"rendered":"<p>Ricardo Arriazu, Rafael Di Tella y Gustavo Ca\u00f1onero disertaron en las Jornadas Monetarias y Bancarias 2024, que organiza el Banco Central. En medio de una de las&nbsp;mejores semanas financieras&nbsp;desde que inici\u00f3 la gesti\u00f3n&nbsp;Javier Milei, el presidente del Banco Central (BCRA),&nbsp;Santiago Bausili, brind\u00f3 hoy el discurso de apertura de las Jornadas Monetarias y Bancarias 2024, que organiza la entidad cada a\u00f1o. El economista destac\u00f3 como uno de los logros del programa econ\u00f3mico de los \u00faltimos 10 meses el hecho de haber anclado las expectativas respecto a la performance fiscal del Gobierno. \u201cEn el primer trimestre se debat\u00eda la sostenibilidad del balance [&hellip;]<\/p>\n","protected":false},"author":2,"featured_media":39915,"comment_status":"closed","ping_status":"closed","sticky":false,"template":"","format":"standard","meta":{"_uag_custom_page_level_css":"","advgb_blocks_editor_width":"","advgb_blocks_columns_visual_guide":"","site-sidebar-layout":"default","site-content-layout":"","ast-site-content-layout":"default","site-content-style":"default","site-sidebar-style":"default","ast-global-header-display":"","ast-banner-title-visibility":"","ast-main-header-display":"","ast-hfb-above-header-display":"","ast-hfb-below-header-display":"","ast-hfb-mobile-header-display":"","site-post-title":"","ast-breadcrumbs-content":"","ast-featured-img":"","footer-sml-layout":"","ast-disable-related-posts":"","theme-transparent-header-meta":"","adv-header-id-meta":"","stick-header-meta":"","header-above-stick-meta":"","header-main-stick-meta":"","header-below-stick-meta":"","astra-migrate-meta-layouts":"default","ast-page-background-enabled":"default","ast-page-background-meta":{"desktop":{"background-color":"var(--ast-global-color-4)","background-image":"","background-repeat":"repeat","background-position":"center center","background-size":"auto","background-attachment":"scroll","background-type":"","background-media":"","overlay-type":"","overlay-color":"","overlay-opacity":"","overlay-gradient":""},"tablet":{"background-color":"","background-image":"","background-repeat":"repeat","background-position":"center center","background-size":"auto","background-attachment":"scroll","background-type":"","background-media":"","overlay-type":"","overlay-color":"","overlay-opacity":"","overlay-gradient":""},"mobile":{"background-color":"","background-image":"","background-repeat":"repeat","background-position":"center center","background-size":"auto","background-attachment":"scroll","background-type":"","background-media":"","overlay-type":"","overlay-color":"","overlay-opacity":"","overlay-gradient":""}},"ast-content-background-meta":{"desktop":{"background-color":"var(--ast-global-color-5)","background-image":"","background-repeat":"repeat","background-position":"center center","background-size":"auto","background-attachment":"scroll","background-type":"","background-media":"","overlay-type":"","overlay-color":"","overlay-opacity":"","overlay-gradient":""},"tablet":{"background-color":"var(--ast-global-color-5)","background-image":"","background-repeat":"repeat","background-position":"center center","background-size":"auto","background-attachment":"scroll","background-type":"","background-media":"","overlay-type":"","overlay-color":"","overlay-opacity":"","overlay-gradient":""},"mobile":{"background-color":"var(--ast-global-color-5)","background-image":"","background-repeat":"repeat","background-position":"center center","background-size":"auto","background-attachment":"scroll","background-type":"","background-media":"","overlay-type":"","overlay-color":"","overlay-opacity":"","overlay-gradient":""}},"_joinchat":[],"footnotes":""},"categories":[59,1],"tags":[],"class_list":["post-39919","post","type-post","status-publish","format-standard","has-post-thumbnail","hentry","category-financial-news-en","category-sin-categorizar"],"yoast_head":"<!-- This site is optimized with the Yoast SEO plugin v27.2 - https:\/\/yoast.com\/product\/yoast-seo-wordpress\/ -->\n<title>Por qu\u00e9 tres reconocidos economistas recomiendan sacar el cepo gradualmente<\/title>\n<meta name=\"description\" content=\"Ricardo Arriazu, Rafael Di Tella y Gustavo Ca\u00f1onero disertaron en las Jornadas Monetarias y Bancarias 2024, que organiza el Banco Central.\" \/>\n<meta name=\"robots\" content=\"index, follow, max-snippet:-1, max-image-preview:large, max-video-preview:-1\" \/>\n<link rel=\"canonical\" href=\"https:\/\/www.bancocmf.com.ar\/en\/por-que-tres-reconocidos-economistas-recomiendan-sacar-el-cepo-gradualmente\/\" \/>\n<meta property=\"og:locale\" content=\"en_US\" \/>\n<meta property=\"og:type\" content=\"article\" \/>\n<meta property=\"og:title\" content=\"Por qu\u00e9 tres reconocidos economistas recomiendan sacar el cepo gradualmente\" \/>\n<meta property=\"og:description\" content=\"Ricardo Arriazu, Rafael Di Tella y Gustavo Ca\u00f1onero disertaron en las Jornadas Monetarias y Bancarias 2024, que organiza el Banco Central.\" \/>\n<meta property=\"og:url\" content=\"https:\/\/www.bancocmf.com.ar\/en\/por-que-tres-reconocidos-economistas-recomiendan-sacar-el-cepo-gradualmente\/\" \/>\n<meta property=\"og:site_name\" content=\"Banco CMF\" \/>\n<meta property=\"article:publisher\" content=\"https:\/\/www.facebook.com\/BancoCMF\" \/>\n<meta property=\"article:published_time\" content=\"2024-10-15T17:15:34+00:00\" \/>\n<meta property=\"article:modified_time\" content=\"2024-10-15T17:18:16+00:00\" \/>\n<meta property=\"og:image\" content=\"https:\/\/www.bancocmf.com.ar\/wp-content\/uploads\/economistas-recomiendan-sacar-el-cepo-gradualmente.jpg\" \/>\n\t<meta property=\"og:image:width\" content=\"870\" \/>\n\t<meta property=\"og:image:height\" content=\"579\" \/>\n\t<meta property=\"og:image:type\" content=\"image\/jpeg\" \/>\n<meta name=\"author\" content=\"Bruno\" \/>\n<meta name=\"twitter:card\" content=\"summary_large_image\" \/>\n<meta name=\"twitter:creator\" content=\"@BancoCMF\" \/>\n<meta name=\"twitter:site\" content=\"@BancoCMF\" \/>\n<meta name=\"twitter:label1\" content=\"Written by\" \/>\n\t<meta name=\"twitter:data1\" content=\"Bruno\" \/>\n\t<meta name=\"twitter:label2\" content=\"Est. reading time\" \/>\n\t<meta name=\"twitter:data2\" content=\"2 minutes\" \/>\n<script type=\"application\/ld+json\" class=\"yoast-schema-graph\">{\"@context\":\"https:\/\/schema.org\",\"@graph\":[{\"@type\":\"Article\",\"@id\":\"https:\/\/www.bancocmf.com.ar\/en\/por-que-tres-reconocidos-economistas-recomiendan-sacar-el-cepo-gradualmente\/#article\",\"isPartOf\":{\"@id\":\"https:\/\/www.bancocmf.com.ar\/en\/por-que-tres-reconocidos-economistas-recomiendan-sacar-el-cepo-gradualmente\/\"},\"author\":{\"name\":\"Bruno\",\"@id\":\"https:\/\/www.bancocmf.com.ar\/#\/schema\/person\/3e18d7efd1bd1b5a0c8f64d5f1bc89ee\"},\"headline\":\"Por qu\u00e9 tres reconocidos economistas recomiendan sacar el cepo gradualmente\",\"datePublished\":\"2024-10-15T17:15:34+00:00\",\"dateModified\":\"2024-10-15T17:18:16+00:00\",\"mainEntityOfPage\":{\"@id\":\"https:\/\/www.bancocmf.com.ar\/en\/por-que-tres-reconocidos-economistas-recomiendan-sacar-el-cepo-gradualmente\/\"},\"wordCount\":223,\"publisher\":{\"@id\":\"https:\/\/www.bancocmf.com.ar\/#organization\"},\"image\":{\"@id\":\"https:\/\/www.bancocmf.com.ar\/en\/por-que-tres-reconocidos-economistas-recomiendan-sacar-el-cepo-gradualmente\/#primaryimage\"},\"thumbnailUrl\":\"\/wp-content\/uploads\/economistas-recomiendan-sacar-el-cepo-gradualmente.jpg\",\"articleSection\":[\"Financial News\"],\"inLanguage\":\"en-US\"},{\"@type\":\"WebPage\",\"@id\":\"https:\/\/www.bancocmf.com.ar\/en\/por-que-tres-reconocidos-economistas-recomiendan-sacar-el-cepo-gradualmente\/\",\"url\":\"https:\/\/www.bancocmf.com.ar\/en\/por-que-tres-reconocidos-economistas-recomiendan-sacar-el-cepo-gradualmente\/\",\"name\":\"Por qu\u00e9 tres reconocidos economistas recomiendan sacar el cepo gradualmente\",\"isPartOf\":{\"@id\":\"https:\/\/www.bancocmf.com.ar\/#website\"},\"primaryImageOfPage\":{\"@id\":\"https:\/\/www.bancocmf.com.ar\/en\/por-que-tres-reconocidos-economistas-recomiendan-sacar-el-cepo-gradualmente\/#primaryimage\"},\"image\":{\"@id\":\"https:\/\/www.bancocmf.com.ar\/en\/por-que-tres-reconocidos-economistas-recomiendan-sacar-el-cepo-gradualmente\/#primaryimage\"},\"thumbnailUrl\":\"\/wp-content\/uploads\/economistas-recomiendan-sacar-el-cepo-gradualmente.jpg\",\"datePublished\":\"2024-10-15T17:15:34+00:00\",\"dateModified\":\"2024-10-15T17:18:16+00:00\",\"description\":\"Ricardo Arriazu, Rafael Di Tella y Gustavo Ca\u00f1onero disertaron en las Jornadas Monetarias y Bancarias 2024, que organiza el Banco Central.\",\"inLanguage\":\"en-US\",\"potentialAction\":[{\"@type\":\"ReadAction\",\"target\":[\"https:\/\/www.bancocmf.com.ar\/en\/por-que-tres-reconocidos-economistas-recomiendan-sacar-el-cepo-gradualmente\/\"]}]},{\"@type\":\"ImageObject\",\"inLanguage\":\"en-US\",\"@id\":\"https:\/\/www.bancocmf.com.ar\/en\/por-que-tres-reconocidos-economistas-recomiendan-sacar-el-cepo-gradualmente\/#primaryimage\",\"url\":\"\/wp-content\/uploads\/economistas-recomiendan-sacar-el-cepo-gradualmente.jpg\",\"contentUrl\":\"\/wp-content\/uploads\/economistas-recomiendan-sacar-el-cepo-gradualmente.jpg\",\"width\":870,\"height\":579},{\"@type\":\"WebSite\",\"@id\":\"https:\/\/www.bancocmf.com.ar\/#website\",\"url\":\"https:\/\/www.bancocmf.com.ar\/\",\"name\":\"Banco CMF\",\"description\":\"Valor es conocerte\",\"publisher\":{\"@id\":\"https:\/\/www.bancocmf.com.ar\/#organization\"},\"alternateName\":\"CMF\",\"potentialAction\":[{\"@type\":\"SearchAction\",\"target\":{\"@type\":\"EntryPoint\",\"urlTemplate\":\"https:\/\/www.bancocmf.com.ar\/?s={search_term_string}\"},\"query-input\":{\"@type\":\"PropertyValueSpecification\",\"valueRequired\":true,\"valueName\":\"search_term_string\"}}],\"inLanguage\":\"en-US\"},{\"@type\":\"Organization\",\"@id\":\"https:\/\/www.bancocmf.com.ar\/#organization\",\"name\":\"Banco CMF\",\"alternateName\":\"CMF\",\"url\":\"https:\/\/www.bancocmf.com.ar\/\",\"logo\":{\"@type\":\"ImageObject\",\"inLanguage\":\"en-US\",\"@id\":\"https:\/\/www.bancocmf.com.ar\/#\/schema\/logo\/image\/\",\"url\":\"\/wp-content\/uploads\/2023\/12\/cmf-banco-corporativo.png\",\"contentUrl\":\"\/wp-content\/uploads\/2023\/12\/cmf-banco-corporativo.png\",\"width\":254,\"height\":106,\"caption\":\"Banco CMF\"},\"image\":{\"@id\":\"https:\/\/www.bancocmf.com.ar\/#\/schema\/logo\/image\/\"},\"sameAs\":[\"https:\/\/www.facebook.com\/BancoCMF\",\"https:\/\/x.com\/BancoCMF\",\"https:\/\/www.linkedin.com\/company\/bancocmf\/\"]},{\"@type\":\"Person\",\"@id\":\"https:\/\/www.bancocmf.com.ar\/#\/schema\/person\/3e18d7efd1bd1b5a0c8f64d5f1bc89ee\",\"name\":\"Bruno\",\"image\":{\"@type\":\"ImageObject\",\"inLanguage\":\"en-US\",\"@id\":\"https:\/\/secure.gravatar.com\/avatar\/fe210c6390d40fad173c067dc11ab87e1ed642adef7d6ffb92faaf53fea926e6?s=96&d=mm&r=g\",\"url\":\"https:\/\/secure.gravatar.com\/avatar\/fe210c6390d40fad173c067dc11ab87e1ed642adef7d6ffb92faaf53fea926e6?s=96&d=mm&r=g\",\"contentUrl\":\"https:\/\/secure.gravatar.com\/avatar\/fe210c6390d40fad173c067dc11ab87e1ed642adef7d6ffb92faaf53fea926e6?s=96&d=mm&r=g\",\"caption\":\"Bruno\"}}]}<\/script>\n<!-- \/ Yoast SEO plugin. -->","yoast_head_json":{"title":"Por qu\u00e9 tres reconocidos economistas recomiendan sacar el cepo gradualmente","description":"Ricardo Arriazu, Rafael Di Tella y Gustavo Ca\u00f1onero disertaron en las Jornadas Monetarias y Bancarias 2024, que organiza el Banco Central.","robots":{"index":"index","follow":"follow","max-snippet":"max-snippet:-1","max-image-preview":"max-image-preview:large","max-video-preview":"max-video-preview:-1"},"canonical":"https:\/\/www.bancocmf.com.ar\/en\/por-que-tres-reconocidos-economistas-recomiendan-sacar-el-cepo-gradualmente\/","og_locale":"en_US","og_type":"article","og_title":"Por qu\u00e9 tres reconocidos economistas recomiendan sacar el cepo gradualmente","og_description":"Ricardo Arriazu, Rafael Di Tella y Gustavo Ca\u00f1onero disertaron en las Jornadas Monetarias y Bancarias 2024, que organiza el Banco Central.","og_url":"https:\/\/www.bancocmf.com.ar\/en\/por-que-tres-reconocidos-economistas-recomiendan-sacar-el-cepo-gradualmente\/","og_site_name":"Banco CMF","article_publisher":"https:\/\/www.facebook.com\/BancoCMF","article_published_time":"2024-10-15T17:15:34+00:00","article_modified_time":"2024-10-15T17:18:16+00:00","og_image":[{"width":870,"height":579,"url":"https:\/\/www.bancocmf.com.ar\/wp-content\/uploads\/economistas-recomiendan-sacar-el-cepo-gradualmente.jpg","type":"image\/jpeg"}],"author":"Bruno","twitter_card":"summary_large_image","twitter_creator":"@BancoCMF","twitter_site":"@BancoCMF","twitter_misc":{"Written by":"Bruno","Est. reading time":"2 minutes"},"schema":{"@context":"https:\/\/schema.org","@graph":[{"@type":"Article","@id":"https:\/\/www.bancocmf.com.ar\/en\/por-que-tres-reconocidos-economistas-recomiendan-sacar-el-cepo-gradualmente\/#article","isPartOf":{"@id":"https:\/\/www.bancocmf.com.ar\/en\/por-que-tres-reconocidos-economistas-recomiendan-sacar-el-cepo-gradualmente\/"},"author":{"name":"Bruno","@id":"https:\/\/www.bancocmf.com.ar\/#\/schema\/person\/3e18d7efd1bd1b5a0c8f64d5f1bc89ee"},"headline":"Por qu\u00e9 tres reconocidos economistas recomiendan sacar el cepo gradualmente","datePublished":"2024-10-15T17:15:34+00:00","dateModified":"2024-10-15T17:18:16+00:00","mainEntityOfPage":{"@id":"https:\/\/www.bancocmf.com.ar\/en\/por-que-tres-reconocidos-economistas-recomiendan-sacar-el-cepo-gradualmente\/"},"wordCount":223,"publisher":{"@id":"https:\/\/www.bancocmf.com.ar\/#organization"},"image":{"@id":"https:\/\/www.bancocmf.com.ar\/en\/por-que-tres-reconocidos-economistas-recomiendan-sacar-el-cepo-gradualmente\/#primaryimage"},"thumbnailUrl":"\/wp-content\/uploads\/economistas-recomiendan-sacar-el-cepo-gradualmente.jpg","articleSection":["Financial News"],"inLanguage":"en-US"},{"@type":"WebPage","@id":"https:\/\/www.bancocmf.com.ar\/en\/por-que-tres-reconocidos-economistas-recomiendan-sacar-el-cepo-gradualmente\/","url":"https:\/\/www.bancocmf.com.ar\/en\/por-que-tres-reconocidos-economistas-recomiendan-sacar-el-cepo-gradualmente\/","name":"Por qu\u00e9 tres reconocidos economistas recomiendan sacar el cepo gradualmente","isPartOf":{"@id":"https:\/\/www.bancocmf.com.ar\/#website"},"primaryImageOfPage":{"@id":"https:\/\/www.bancocmf.com.ar\/en\/por-que-tres-reconocidos-economistas-recomiendan-sacar-el-cepo-gradualmente\/#primaryimage"},"image":{"@id":"https:\/\/www.bancocmf.com.ar\/en\/por-que-tres-reconocidos-economistas-recomiendan-sacar-el-cepo-gradualmente\/#primaryimage"},"thumbnailUrl":"\/wp-content\/uploads\/economistas-recomiendan-sacar-el-cepo-gradualmente.jpg","datePublished":"2024-10-15T17:15:34+00:00","dateModified":"2024-10-15T17:18:16+00:00","description":"Ricardo Arriazu, Rafael Di Tella y Gustavo Ca\u00f1onero disertaron en las Jornadas Monetarias y Bancarias 2024, que organiza el Banco Central.","inLanguage":"en-US","potentialAction":[{"@type":"ReadAction","target":["https:\/\/www.bancocmf.com.ar\/en\/por-que-tres-reconocidos-economistas-recomiendan-sacar-el-cepo-gradualmente\/"]}]},{"@type":"ImageObject","inLanguage":"en-US","@id":"https:\/\/www.bancocmf.com.ar\/en\/por-que-tres-reconocidos-economistas-recomiendan-sacar-el-cepo-gradualmente\/#primaryimage","url":"\/wp-content\/uploads\/economistas-recomiendan-sacar-el-cepo-gradualmente.jpg","contentUrl":"\/wp-content\/uploads\/economistas-recomiendan-sacar-el-cepo-gradualmente.jpg","width":870,"height":579},{"@type":"WebSite","@id":"https:\/\/www.bancocmf.com.ar\/#website","url":"https:\/\/www.bancocmf.com.ar\/","name":"Banco CMF","description":"Valor es conocerte","publisher":{"@id":"https:\/\/www.bancocmf.com.ar\/#organization"},"alternateName":"CMF","potentialAction":[{"@type":"SearchAction","target":{"@type":"EntryPoint","urlTemplate":"https:\/\/www.bancocmf.com.ar\/?s={search_term_string}"},"query-input":{"@type":"PropertyValueSpecification","valueRequired":true,"valueName":"search_term_string"}}],"inLanguage":"en-US"},{"@type":"Organization","@id":"https:\/\/www.bancocmf.com.ar\/#organization","name":"Banco CMF","alternateName":"CMF","url":"https:\/\/www.bancocmf.com.ar\/","logo":{"@type":"ImageObject","inLanguage":"en-US","@id":"https:\/\/www.bancocmf.com.ar\/#\/schema\/logo\/image\/","url":"\/wp-content\/uploads\/2023\/12\/cmf-banco-corporativo.png","contentUrl":"\/wp-content\/uploads\/2023\/12\/cmf-banco-corporativo.png","width":254,"height":106,"caption":"Banco CMF"},"image":{"@id":"https:\/\/www.bancocmf.com.ar\/#\/schema\/logo\/image\/"},"sameAs":["https:\/\/www.facebook.com\/BancoCMF","https:\/\/x.com\/BancoCMF","https:\/\/www.linkedin.com\/company\/bancocmf\/"]},{"@type":"Person","@id":"https:\/\/www.bancocmf.com.ar\/#\/schema\/person\/3e18d7efd1bd1b5a0c8f64d5f1bc89ee","name":"Bruno","image":{"@type":"ImageObject","inLanguage":"en-US","@id":"https:\/\/secure.gravatar.com\/avatar\/fe210c6390d40fad173c067dc11ab87e1ed642adef7d6ffb92faaf53fea926e6?s=96&d=mm&r=g","url":"https:\/\/secure.gravatar.com\/avatar\/fe210c6390d40fad173c067dc11ab87e1ed642adef7d6ffb92faaf53fea926e6?s=96&d=mm&r=g","contentUrl":"https:\/\/secure.gravatar.com\/avatar\/fe210c6390d40fad173c067dc11ab87e1ed642adef7d6ffb92faaf53fea926e6?s=96&d=mm&r=g","caption":"Bruno"}}]}},"author_meta":{"display_name":"Bruno","author_link":"https:\/\/www.bancocmf.com.ar\/en\/author\/bruno_flux\/"},"featured_img":"\/wp-content\/uploads\/economistas-recomiendan-sacar-el-cepo-gradualmente-300x200.jpg","uagb_featured_image_src":{"full":["\/wp-content\/uploads\/economistas-recomiendan-sacar-el-cepo-gradualmente.jpg",870,579,false],"thumbnail":["\/wp-content\/uploads\/economistas-recomiendan-sacar-el-cepo-gradualmente-150x150.jpg",150,150,true],"medium":["\/wp-content\/uploads\/economistas-recomiendan-sacar-el-cepo-gradualmente-300x200.jpg",300,200,true],"medium_large":["\/wp-content\/uploads\/economistas-recomiendan-sacar-el-cepo-gradualmente-768x511.jpg",768,511,true],"large":["\/wp-content\/uploads\/economistas-recomiendan-sacar-el-cepo-gradualmente.jpg",870,579,false],"gs-tiny":["\/wp-content\/uploads\/economistas-recomiendan-sacar-el-cepo-gradualmente-50x33.jpg",50,33,true],"xl":["\/wp-content\/uploads\/economistas-recomiendan-sacar-el-cepo-gradualmente.jpg",870,579,false],"xxl":["\/wp-content\/uploads\/economistas-recomiendan-sacar-el-cepo-gradualmente.jpg",870,579,false],"xxxl":["\/wp-content\/uploads\/economistas-recomiendan-sacar-el-cepo-gradualmente.jpg",870,579,false],"xxxxl":["\/wp-content\/uploads\/economistas-recomiendan-sacar-el-cepo-gradualmente.jpg",870,579,false],"xxxxxl":["\/wp-content\/uploads\/economistas-recomiendan-sacar-el-cepo-gradualmente.jpg",870,579,false],"1536x1536":["\/wp-content\/uploads\/economistas-recomiendan-sacar-el-cepo-gradualmente.jpg",870,579,false],"2048x2048":["\/wp-content\/uploads\/economistas-recomiendan-sacar-el-cepo-gradualmente.jpg",870,579,false]},"uagb_author_info":{"display_name":"Bruno","author_link":"https:\/\/www.bancocmf.com.ar\/en\/author\/bruno_flux\/"},"uagb_comment_info":0,"uagb_excerpt":"Ricardo Arriazu, Rafael Di Tella y Gustavo Ca\u00f1onero disertaron en las Jornadas Monetarias y Bancarias 2024, que organiza el Banco Central. En medio de una de las&nbsp;mejores semanas financieras&nbsp;desde que inici\u00f3 la gesti\u00f3n&nbsp;Javier Milei, el presidente del Banco Central (BCRA),&nbsp;Santiago Bausili, brind\u00f3 hoy el discurso de apertura de las Jornadas Monetarias y Bancarias 2024, que&hellip;","coauthors":[],"tax_additional":{"categories":{"linked":["<a href=\"https:\/\/www.bancocmf.com.ar\/en\/category\/financial-news-en\/\" class=\"advgb-post-tax-term\">Financial News<\/a>","<a href=\"https:\/\/www.bancocmf.com.ar\/en\/category\/sin-categorizar\/\" class=\"advgb-post-tax-term\">Uncategorized<\/a>"],"unlinked":["<span class=\"advgb-post-tax-term\">Financial News<\/span>","<span class=\"advgb-post-tax-term\">Uncategorized<\/span>"]}},"comment_count":0,"relative_dates":{"created":"Posted 2 years ago","modified":"Updated 2 years ago"},"absolute_dates":{"created":"Posted on October 15, 2024","modified":"Updated on October 15, 2024"},"absolute_dates_time":{"created":"Posted on October 15, 2024 2:15 pm","modified":"Updated on October 15, 2024 2:18 pm"},"featured_img_caption":"","series_order":"","_links":{"self":[{"href":"https:\/\/www.bancocmf.com.ar\/en\/wp-json\/wp\/v2\/posts\/39919","targetHints":{"allow":["GET"]}}],"collection":[{"href":"https:\/\/www.bancocmf.com.ar\/en\/wp-json\/wp\/v2\/posts"}],"about":[{"href":"https:\/\/www.bancocmf.com.ar\/en\/wp-json\/wp\/v2\/types\/post"}],"author":[{"embeddable":true,"href":"https:\/\/www.bancocmf.com.ar\/en\/wp-json\/wp\/v2\/users\/2"}],"replies":[{"embeddable":true,"href":"https:\/\/www.bancocmf.com.ar\/en\/wp-json\/wp\/v2\/comments?post=39919"}],"version-history":[{"count":1,"href":"https:\/\/www.bancocmf.com.ar\/en\/wp-json\/wp\/v2\/posts\/39919\/revisions"}],"predecessor-version":[{"id":39920,"href":"https:\/\/www.bancocmf.com.ar\/en\/wp-json\/wp\/v2\/posts\/39919\/revisions\/39920"}],"wp:featuredmedia":[{"embeddable":true,"href":"https:\/\/www.bancocmf.com.ar\/en\/wp-json\/wp\/v2\/media\/39915"}],"wp:attachment":[{"href":"https:\/\/www.bancocmf.com.ar\/en\/wp-json\/wp\/v2\/media?parent=39919"}],"wp:term":[{"taxonomy":"category","embeddable":true,"href":"https:\/\/www.bancocmf.com.ar\/en\/wp-json\/wp\/v2\/categories?post=39919"},{"taxonomy":"post_tag","embeddable":true,"href":"https:\/\/www.bancocmf.com.ar\/en\/wp-json\/wp\/v2\/tags?post=39919"}],"curies":[{"name":"wp","href":"https:\/\/api.w.org\/{rel}","templated":true}]}}