{"id":38950,"date":"2024-08-15T15:14:58","date_gmt":"2024-08-15T18:14:58","guid":{"rendered":"https:\/\/www.bancocmf.com.ar\/revivi-el-ultimo-encuentro-sobre-exteriorizacion-de-activos-impuesto-sobre-los-bienes-personales-y-moratoria\/"},"modified":"2024-08-15T15:17:22","modified_gmt":"2024-08-15T18:17:22","slug":"revivi-el-ultimo-encuentro-sobre-exteriorizacion-de-activos-impuesto-sobre-los-bienes-personales-y-moratoria","status":"publish","type":"post","link":"https:\/\/www.bancocmf.com.ar\/en\/revivi-el-ultimo-encuentro-sobre-exteriorizacion-de-activos-impuesto-sobre-los-bienes-personales-y-moratoria\/","title":{"rendered":"Reviv\u00ed el \u00faltimo encuentro sobre: Exteriorizaci\u00f3n de activos, impuesto sobre los bienes personales y moratoria"},"content":{"rendered":"\n<p>En este nuevo encuentro, organizado por Banco CMF, se abordaron los temas de exteriorizaci\u00f3n de activos, impuesto sobre los bienes personales y moratoria. De la mano de Andr\u00e9s Edelstein y Juan Mariscal.<\/p>\n\n\n\n<p><strong><a href=\"https:\/\/www.youtube.com\/watch?v=AdBZgJ8CO4U\">Acced\u00e9 al webinario completo<\/a><\/strong><\/p>\n","protected":false},"excerpt":{"rendered":"<p>Reviv\u00ed el \u00faltimo encuentro sobre: Exteriorizaci\u00f3n de activos, impuesto sobre los bienes personales y moratoria.<br \/>\nEn este nuevo encuentro, organizado por Banco CMF, se abordaron los temas de exteriorizaci\u00f3n de activos, impuesto sobre los bienes personales y moratoria. De la mano de Andr\u00e9s Edelstein y Juan Mariscal.<\/p>\n","protected":false},"author":3,"featured_media":38948,"comment_status":"closed","ping_status":"closed","sticky":false,"template":"","format":"standard","meta":{"_uag_custom_page_level_css":"","advgb_blocks_editor_width":"","advgb_blocks_columns_visual_guide":"","site-sidebar-layout":"default","site-content-layout":"","ast-site-content-layout":"default","site-content-style":"default","site-sidebar-style":"default","ast-global-header-display":"","ast-banner-title-visibility":"","ast-main-header-display":"","ast-hfb-above-header-display":"","ast-hfb-below-header-display":"","ast-hfb-mobile-header-display":"","site-post-title":"","ast-breadcrumbs-content":"","ast-featured-img":"","footer-sml-layout":"","ast-disable-related-posts":"","theme-transparent-header-meta":"","adv-header-id-meta":"","stick-header-meta":"","header-above-stick-meta":"","header-main-stick-meta":"","header-below-stick-meta":"","astra-migrate-meta-layouts":"default","ast-page-background-enabled":"default","ast-page-background-meta":{"desktop":{"background-color":"var(--ast-global-color-4)","background-image":"","background-repeat":"repeat","background-position":"center center","background-size":"auto","background-attachment":"scroll","background-type":"","background-media":"","overlay-type":"","overlay-color":"","overlay-opacity":"","overlay-gradient":""},"tablet":{"background-color":"","background-image":"","background-repeat":"repeat","background-position":"center center","background-size":"auto","background-attachment":"scroll","background-type":"","background-media":"","overlay-type":"","overlay-color":"","overlay-opacity":"","overlay-gradient":""},"mobile":{"background-color":"","background-image":"","background-repeat":"repeat","background-position":"center center","background-size":"auto","background-attachment":"scroll","background-type":"","background-media":"","overlay-type":"","overlay-color":"","overlay-opacity":"","overlay-gradient":""}},"ast-content-background-meta":{"desktop":{"background-color":"var(--ast-global-color-5)","background-image":"","background-repeat":"repeat","background-position":"center center","background-size":"auto","background-attachment":"scroll","background-type":"","background-media":"","overlay-type":"","overlay-color":"","overlay-opacity":"","overlay-gradient":""},"tablet":{"background-color":"var(--ast-global-color-5)","background-image":"","background-repeat":"repeat","background-position":"center center","background-size":"auto","background-attachment":"scroll","background-type":"","background-media":"","overlay-type":"","overlay-color":"","overlay-opacity":"","overlay-gradient":""},"mobile":{"background-color":"var(--ast-global-color-5)","background-image":"","background-repeat":"repeat","background-position":"center center","background-size":"auto","background-attachment":"scroll","background-type":"","background-media":"","overlay-type":"","overlay-color":"","overlay-opacity":"","overlay-gradient":""}},"_joinchat":[],"footnotes":""},"categories":[59],"tags":[127,128,129,108,109,130],"class_list":["post-38950","post","type-post","status-publish","format-standard","has-post-thumbnail","hentry","category-financial-news-en","tag-bancocmf-en","tag-blanqueo-en","tag-moraroria-en","tag-economia-en","tag-mercado-en","tag-webinar-en"],"yoast_head":"<!-- This site is optimized with the Yoast SEO plugin v27.2 - https:\/\/yoast.com\/product\/yoast-seo-wordpress\/ -->\n<title>Reviv\u00ed el \u00faltimo encuentro sobre: Exteriorizaci\u00f3n de activos, impuesto sobre los bienes personales y moratoria<\/title>\n<meta name=\"description\" content=\"En este nuevo encuentro, organizado por Banco CMF, se abordaron los temas de exteriorizaci\u00f3n de activos, impuesto sobre los bienes personales y moratoria. De la mano de Andr\u00e9s Edelstein y Juan Mariscal.\" \/>\n<meta name=\"robots\" content=\"index, follow, max-snippet:-1, max-image-preview:large, max-video-preview:-1\" \/>\n<link rel=\"canonical\" href=\"https:\/\/www.bancocmf.com.ar\/en\/revivi-el-ultimo-encuentro-sobre-exteriorizacion-de-activos-impuesto-sobre-los-bienes-personales-y-moratoria\/\" \/>\n<meta property=\"og:locale\" content=\"en_US\" \/>\n<meta property=\"og:type\" content=\"article\" \/>\n<meta property=\"og:title\" content=\"Reviv\u00ed el \u00faltimo encuentro sobre: Exteriorizaci\u00f3n de activos, impuesto sobre los bienes personales y moratoria\" \/>\n<meta property=\"og:description\" content=\"En este nuevo encuentro, organizado por Banco CMF, se abordaron los temas de exteriorizaci\u00f3n de activos, impuesto sobre los bienes personales y moratoria. De la mano de Andr\u00e9s Edelstein y Juan Mariscal.\" \/>\n<meta property=\"og:url\" content=\"https:\/\/www.bancocmf.com.ar\/en\/revivi-el-ultimo-encuentro-sobre-exteriorizacion-de-activos-impuesto-sobre-los-bienes-personales-y-moratoria\/\" \/>\n<meta property=\"og:site_name\" content=\"Banco CMF\" \/>\n<meta property=\"article:publisher\" content=\"https:\/\/www.facebook.com\/BancoCMF\" \/>\n<meta property=\"article:published_time\" content=\"2024-08-15T18:14:58+00:00\" \/>\n<meta property=\"article:modified_time\" content=\"2024-08-15T18:17:22+00:00\" \/>\n<meta property=\"og:image\" content=\"https:\/\/www.bancocmf.com.ar\/wp-content\/uploads\/Revivi\u0301-el-encuentroExteriorizacio\u0301nde-activosimpuesto-sobre-losbienes-personalesy-moratoria_Google.png\" \/>\n\t<meta property=\"og:image:width\" content=\"1200\" \/>\n\t<meta property=\"og:image:height\" content=\"628\" \/>\n\t<meta property=\"og:image:type\" content=\"image\/png\" \/>\n<meta name=\"author\" content=\"Natalia Damele\" \/>\n<meta name=\"twitter:card\" content=\"summary_large_image\" \/>\n<meta name=\"twitter:creator\" content=\"@BancoCMF\" \/>\n<meta name=\"twitter:site\" content=\"@BancoCMF\" \/>\n<meta name=\"twitter:label1\" content=\"Written by\" \/>\n\t<meta name=\"twitter:data1\" content=\"Natalia Damele\" \/>\n\t<meta name=\"twitter:label2\" content=\"Est. reading time\" \/>\n\t<meta name=\"twitter:data2\" content=\"1 minute\" \/>\n<script type=\"application\/ld+json\" class=\"yoast-schema-graph\">{\"@context\":\"https:\/\/schema.org\",\"@graph\":[{\"@type\":\"Article\",\"@id\":\"https:\/\/www.bancocmf.com.ar\/en\/revivi-el-ultimo-encuentro-sobre-exteriorizacion-de-activos-impuesto-sobre-los-bienes-personales-y-moratoria\/#article\",\"isPartOf\":{\"@id\":\"https:\/\/www.bancocmf.com.ar\/en\/revivi-el-ultimo-encuentro-sobre-exteriorizacion-de-activos-impuesto-sobre-los-bienes-personales-y-moratoria\/\"},\"author\":{\"name\":\"Natalia Damele\",\"@id\":\"https:\/\/www.bancocmf.com.ar\/#\/schema\/person\/8d183ae524b9b077ea8b47216b0a4d1c\"},\"headline\":\"Reviv\u00ed el \u00faltimo encuentro sobre: Exteriorizaci\u00f3n de activos, impuesto sobre los bienes personales y moratoria\",\"datePublished\":\"2024-08-15T18:14:58+00:00\",\"dateModified\":\"2024-08-15T18:17:22+00:00\",\"mainEntityOfPage\":{\"@id\":\"https:\/\/www.bancocmf.com.ar\/en\/revivi-el-ultimo-encuentro-sobre-exteriorizacion-de-activos-impuesto-sobre-los-bienes-personales-y-moratoria\/\"},\"wordCount\":54,\"publisher\":{\"@id\":\"https:\/\/www.bancocmf.com.ar\/#organization\"},\"image\":{\"@id\":\"https:\/\/www.bancocmf.com.ar\/en\/revivi-el-ultimo-encuentro-sobre-exteriorizacion-de-activos-impuesto-sobre-los-bienes-personales-y-moratoria\/#primaryimage\"},\"thumbnailUrl\":\"\/wp-content\/uploads\/Revivi\u0301-el-encuentroExteriorizacio\u0301nde-activosimpuesto-sobre-losbienes-personalesy-moratoria_Google.png\",\"keywords\":[\"#bancocmf\",\"#Blanqueo\",\"#moraroria\",\"economia\",\"mercado\",\"webinar\"],\"articleSection\":[\"Financial News\"],\"inLanguage\":\"en-US\"},{\"@type\":\"WebPage\",\"@id\":\"https:\/\/www.bancocmf.com.ar\/en\/revivi-el-ultimo-encuentro-sobre-exteriorizacion-de-activos-impuesto-sobre-los-bienes-personales-y-moratoria\/\",\"url\":\"https:\/\/www.bancocmf.com.ar\/en\/revivi-el-ultimo-encuentro-sobre-exteriorizacion-de-activos-impuesto-sobre-los-bienes-personales-y-moratoria\/\",\"name\":\"Reviv\u00ed el \u00faltimo encuentro sobre: Exteriorizaci\u00f3n de activos, impuesto sobre los bienes personales y moratoria\",\"isPartOf\":{\"@id\":\"https:\/\/www.bancocmf.com.ar\/#website\"},\"primaryImageOfPage\":{\"@id\":\"https:\/\/www.bancocmf.com.ar\/en\/revivi-el-ultimo-encuentro-sobre-exteriorizacion-de-activos-impuesto-sobre-los-bienes-personales-y-moratoria\/#primaryimage\"},\"image\":{\"@id\":\"https:\/\/www.bancocmf.com.ar\/en\/revivi-el-ultimo-encuentro-sobre-exteriorizacion-de-activos-impuesto-sobre-los-bienes-personales-y-moratoria\/#primaryimage\"},\"thumbnailUrl\":\"\/wp-content\/uploads\/Revivi\u0301-el-encuentroExteriorizacio\u0301nde-activosimpuesto-sobre-losbienes-personalesy-moratoria_Google.png\",\"datePublished\":\"2024-08-15T18:14:58+00:00\",\"dateModified\":\"2024-08-15T18:17:22+00:00\",\"description\":\"En este nuevo encuentro, organizado por Banco CMF, se abordaron los temas de exteriorizaci\u00f3n de activos, impuesto sobre los bienes personales y moratoria. De la mano de Andr\u00e9s Edelstein y Juan Mariscal.\",\"inLanguage\":\"en-US\",\"potentialAction\":[{\"@type\":\"ReadAction\",\"target\":[\"https:\/\/www.bancocmf.com.ar\/en\/revivi-el-ultimo-encuentro-sobre-exteriorizacion-de-activos-impuesto-sobre-los-bienes-personales-y-moratoria\/\"]}]},{\"@type\":\"ImageObject\",\"inLanguage\":\"en-US\",\"@id\":\"https:\/\/www.bancocmf.com.ar\/en\/revivi-el-ultimo-encuentro-sobre-exteriorizacion-de-activos-impuesto-sobre-los-bienes-personales-y-moratoria\/#primaryimage\",\"url\":\"\/wp-content\/uploads\/Revivi\u0301-el-encuentroExteriorizacio\u0301nde-activosimpuesto-sobre-losbienes-personalesy-moratoria_Google.png\",\"contentUrl\":\"\/wp-content\/uploads\/Revivi\u0301-el-encuentroExteriorizacio\u0301nde-activosimpuesto-sobre-losbienes-personalesy-moratoria_Google.png\",\"width\":1200,\"height\":628},{\"@type\":\"WebSite\",\"@id\":\"https:\/\/www.bancocmf.com.ar\/#website\",\"url\":\"https:\/\/www.bancocmf.com.ar\/\",\"name\":\"Banco CMF\",\"description\":\"Valor es conocerte\",\"publisher\":{\"@id\":\"https:\/\/www.bancocmf.com.ar\/#organization\"},\"alternateName\":\"CMF\",\"potentialAction\":[{\"@type\":\"SearchAction\",\"target\":{\"@type\":\"EntryPoint\",\"urlTemplate\":\"https:\/\/www.bancocmf.com.ar\/?s={search_term_string}\"},\"query-input\":{\"@type\":\"PropertyValueSpecification\",\"valueRequired\":true,\"valueName\":\"search_term_string\"}}],\"inLanguage\":\"en-US\"},{\"@type\":\"Organization\",\"@id\":\"https:\/\/www.bancocmf.com.ar\/#organization\",\"name\":\"Banco CMF\",\"alternateName\":\"CMF\",\"url\":\"https:\/\/www.bancocmf.com.ar\/\",\"logo\":{\"@type\":\"ImageObject\",\"inLanguage\":\"en-US\",\"@id\":\"https:\/\/www.bancocmf.com.ar\/#\/schema\/logo\/image\/\",\"url\":\"\/wp-content\/uploads\/2023\/12\/cmf-banco-corporativo.png\",\"contentUrl\":\"\/wp-content\/uploads\/2023\/12\/cmf-banco-corporativo.png\",\"width\":254,\"height\":106,\"caption\":\"Banco CMF\"},\"image\":{\"@id\":\"https:\/\/www.bancocmf.com.ar\/#\/schema\/logo\/image\/\"},\"sameAs\":[\"https:\/\/www.facebook.com\/BancoCMF\",\"https:\/\/x.com\/BancoCMF\",\"https:\/\/www.linkedin.com\/company\/bancocmf\/\"]},{\"@type\":\"Person\",\"@id\":\"https:\/\/www.bancocmf.com.ar\/#\/schema\/person\/8d183ae524b9b077ea8b47216b0a4d1c\",\"name\":\"Natalia Damele\",\"image\":{\"@type\":\"ImageObject\",\"inLanguage\":\"en-US\",\"@id\":\"https:\/\/secure.gravatar.com\/avatar\/1282d18f74bcd9043742de9d66a684537fee39f68a491eeb46b2ac5085bf2802?s=96&d=mm&r=g\",\"url\":\"https:\/\/secure.gravatar.com\/avatar\/1282d18f74bcd9043742de9d66a684537fee39f68a491eeb46b2ac5085bf2802?s=96&d=mm&r=g\",\"contentUrl\":\"https:\/\/secure.gravatar.com\/avatar\/1282d18f74bcd9043742de9d66a684537fee39f68a491eeb46b2ac5085bf2802?s=96&d=mm&r=g\",\"caption\":\"Natalia Damele\"}}]}<\/script>\n<!-- \/ Yoast SEO plugin. -->","yoast_head_json":{"title":"Reviv\u00ed el \u00faltimo encuentro sobre: Exteriorizaci\u00f3n de activos, impuesto sobre los bienes personales y moratoria","description":"En este nuevo encuentro, organizado por Banco CMF, se abordaron los temas de exteriorizaci\u00f3n de activos, impuesto sobre los bienes personales y moratoria. De la mano de Andr\u00e9s Edelstein y Juan Mariscal.","robots":{"index":"index","follow":"follow","max-snippet":"max-snippet:-1","max-image-preview":"max-image-preview:large","max-video-preview":"max-video-preview:-1"},"canonical":"https:\/\/www.bancocmf.com.ar\/en\/revivi-el-ultimo-encuentro-sobre-exteriorizacion-de-activos-impuesto-sobre-los-bienes-personales-y-moratoria\/","og_locale":"en_US","og_type":"article","og_title":"Reviv\u00ed el \u00faltimo encuentro sobre: Exteriorizaci\u00f3n de activos, impuesto sobre los bienes personales y moratoria","og_description":"En este nuevo encuentro, organizado por Banco CMF, se abordaron los temas de exteriorizaci\u00f3n de activos, impuesto sobre los bienes personales y moratoria. De la mano de Andr\u00e9s Edelstein y Juan Mariscal.","og_url":"https:\/\/www.bancocmf.com.ar\/en\/revivi-el-ultimo-encuentro-sobre-exteriorizacion-de-activos-impuesto-sobre-los-bienes-personales-y-moratoria\/","og_site_name":"Banco CMF","article_publisher":"https:\/\/www.facebook.com\/BancoCMF","article_published_time":"2024-08-15T18:14:58+00:00","article_modified_time":"2024-08-15T18:17:22+00:00","og_image":[{"width":1200,"height":628,"url":"https:\/\/www.bancocmf.com.ar\/wp-content\/uploads\/Revivi\u0301-el-encuentroExteriorizacio\u0301nde-activosimpuesto-sobre-losbienes-personalesy-moratoria_Google.png","type":"image\/png"}],"author":"Natalia Damele","twitter_card":"summary_large_image","twitter_creator":"@BancoCMF","twitter_site":"@BancoCMF","twitter_misc":{"Written by":"Natalia Damele","Est. reading time":"1 minute"},"schema":{"@context":"https:\/\/schema.org","@graph":[{"@type":"Article","@id":"https:\/\/www.bancocmf.com.ar\/en\/revivi-el-ultimo-encuentro-sobre-exteriorizacion-de-activos-impuesto-sobre-los-bienes-personales-y-moratoria\/#article","isPartOf":{"@id":"https:\/\/www.bancocmf.com.ar\/en\/revivi-el-ultimo-encuentro-sobre-exteriorizacion-de-activos-impuesto-sobre-los-bienes-personales-y-moratoria\/"},"author":{"name":"Natalia Damele","@id":"https:\/\/www.bancocmf.com.ar\/#\/schema\/person\/8d183ae524b9b077ea8b47216b0a4d1c"},"headline":"Reviv\u00ed el \u00faltimo encuentro sobre: Exteriorizaci\u00f3n de activos, impuesto sobre los bienes personales y moratoria","datePublished":"2024-08-15T18:14:58+00:00","dateModified":"2024-08-15T18:17:22+00:00","mainEntityOfPage":{"@id":"https:\/\/www.bancocmf.com.ar\/en\/revivi-el-ultimo-encuentro-sobre-exteriorizacion-de-activos-impuesto-sobre-los-bienes-personales-y-moratoria\/"},"wordCount":54,"publisher":{"@id":"https:\/\/www.bancocmf.com.ar\/#organization"},"image":{"@id":"https:\/\/www.bancocmf.com.ar\/en\/revivi-el-ultimo-encuentro-sobre-exteriorizacion-de-activos-impuesto-sobre-los-bienes-personales-y-moratoria\/#primaryimage"},"thumbnailUrl":"\/wp-content\/uploads\/Revivi\u0301-el-encuentroExteriorizacio\u0301nde-activosimpuesto-sobre-losbienes-personalesy-moratoria_Google.png","keywords":["#bancocmf","#Blanqueo","#moraroria","economia","mercado","webinar"],"articleSection":["Financial News"],"inLanguage":"en-US"},{"@type":"WebPage","@id":"https:\/\/www.bancocmf.com.ar\/en\/revivi-el-ultimo-encuentro-sobre-exteriorizacion-de-activos-impuesto-sobre-los-bienes-personales-y-moratoria\/","url":"https:\/\/www.bancocmf.com.ar\/en\/revivi-el-ultimo-encuentro-sobre-exteriorizacion-de-activos-impuesto-sobre-los-bienes-personales-y-moratoria\/","name":"Reviv\u00ed el \u00faltimo encuentro sobre: Exteriorizaci\u00f3n de activos, impuesto sobre los bienes personales y moratoria","isPartOf":{"@id":"https:\/\/www.bancocmf.com.ar\/#website"},"primaryImageOfPage":{"@id":"https:\/\/www.bancocmf.com.ar\/en\/revivi-el-ultimo-encuentro-sobre-exteriorizacion-de-activos-impuesto-sobre-los-bienes-personales-y-moratoria\/#primaryimage"},"image":{"@id":"https:\/\/www.bancocmf.com.ar\/en\/revivi-el-ultimo-encuentro-sobre-exteriorizacion-de-activos-impuesto-sobre-los-bienes-personales-y-moratoria\/#primaryimage"},"thumbnailUrl":"\/wp-content\/uploads\/Revivi\u0301-el-encuentroExteriorizacio\u0301nde-activosimpuesto-sobre-losbienes-personalesy-moratoria_Google.png","datePublished":"2024-08-15T18:14:58+00:00","dateModified":"2024-08-15T18:17:22+00:00","description":"En este nuevo encuentro, organizado por Banco CMF, se abordaron los temas de exteriorizaci\u00f3n de activos, impuesto sobre los bienes personales y moratoria. De la mano de Andr\u00e9s Edelstein y Juan Mariscal.","inLanguage":"en-US","potentialAction":[{"@type":"ReadAction","target":["https:\/\/www.bancocmf.com.ar\/en\/revivi-el-ultimo-encuentro-sobre-exteriorizacion-de-activos-impuesto-sobre-los-bienes-personales-y-moratoria\/"]}]},{"@type":"ImageObject","inLanguage":"en-US","@id":"https:\/\/www.bancocmf.com.ar\/en\/revivi-el-ultimo-encuentro-sobre-exteriorizacion-de-activos-impuesto-sobre-los-bienes-personales-y-moratoria\/#primaryimage","url":"\/wp-content\/uploads\/Revivi\u0301-el-encuentroExteriorizacio\u0301nde-activosimpuesto-sobre-losbienes-personalesy-moratoria_Google.png","contentUrl":"\/wp-content\/uploads\/Revivi\u0301-el-encuentroExteriorizacio\u0301nde-activosimpuesto-sobre-losbienes-personalesy-moratoria_Google.png","width":1200,"height":628},{"@type":"WebSite","@id":"https:\/\/www.bancocmf.com.ar\/#website","url":"https:\/\/www.bancocmf.com.ar\/","name":"Banco CMF","description":"Valor es conocerte","publisher":{"@id":"https:\/\/www.bancocmf.com.ar\/#organization"},"alternateName":"CMF","potentialAction":[{"@type":"SearchAction","target":{"@type":"EntryPoint","urlTemplate":"https:\/\/www.bancocmf.com.ar\/?s={search_term_string}"},"query-input":{"@type":"PropertyValueSpecification","valueRequired":true,"valueName":"search_term_string"}}],"inLanguage":"en-US"},{"@type":"Organization","@id":"https:\/\/www.bancocmf.com.ar\/#organization","name":"Banco CMF","alternateName":"CMF","url":"https:\/\/www.bancocmf.com.ar\/","logo":{"@type":"ImageObject","inLanguage":"en-US","@id":"https:\/\/www.bancocmf.com.ar\/#\/schema\/logo\/image\/","url":"\/wp-content\/uploads\/2023\/12\/cmf-banco-corporativo.png","contentUrl":"\/wp-content\/uploads\/2023\/12\/cmf-banco-corporativo.png","width":254,"height":106,"caption":"Banco CMF"},"image":{"@id":"https:\/\/www.bancocmf.com.ar\/#\/schema\/logo\/image\/"},"sameAs":["https:\/\/www.facebook.com\/BancoCMF","https:\/\/x.com\/BancoCMF","https:\/\/www.linkedin.com\/company\/bancocmf\/"]},{"@type":"Person","@id":"https:\/\/www.bancocmf.com.ar\/#\/schema\/person\/8d183ae524b9b077ea8b47216b0a4d1c","name":"Natalia Damele","image":{"@type":"ImageObject","inLanguage":"en-US","@id":"https:\/\/secure.gravatar.com\/avatar\/1282d18f74bcd9043742de9d66a684537fee39f68a491eeb46b2ac5085bf2802?s=96&d=mm&r=g","url":"https:\/\/secure.gravatar.com\/avatar\/1282d18f74bcd9043742de9d66a684537fee39f68a491eeb46b2ac5085bf2802?s=96&d=mm&r=g","contentUrl":"https:\/\/secure.gravatar.com\/avatar\/1282d18f74bcd9043742de9d66a684537fee39f68a491eeb46b2ac5085bf2802?s=96&d=mm&r=g","caption":"Natalia Damele"}}]}},"author_meta":{"display_name":"Natalia Damele","author_link":"https:\/\/www.bancocmf.com.ar\/en\/author\/natalia_flux\/"},"featured_img":"\/wp-content\/uploads\/Revivi\u0301-el-encuentroExteriorizacio\u0301nde-activosimpuesto-sobre-losbienes-personalesy-moratoria_Google-300x157.png","uagb_featured_image_src":{"full":["\/wp-content\/uploads\/Revivi\u0301-el-encuentroExteriorizacio\u0301nde-activosimpuesto-sobre-losbienes-personalesy-moratoria_Google.png",1200,628,false],"thumbnail":["\/wp-content\/uploads\/Revivi\u0301-el-encuentroExteriorizacio\u0301nde-activosimpuesto-sobre-losbienes-personalesy-moratoria_Google-150x150.png",150,150,true],"medium":["\/wp-content\/uploads\/Revivi\u0301-el-encuentroExteriorizacio\u0301nde-activosimpuesto-sobre-losbienes-personalesy-moratoria_Google-300x157.png",300,157,true],"medium_large":["\/wp-content\/uploads\/Revivi\u0301-el-encuentroExteriorizacio\u0301nde-activosimpuesto-sobre-losbienes-personalesy-moratoria_Google-768x402.png",768,402,true],"large":["\/wp-content\/uploads\/Revivi\u0301-el-encuentroExteriorizacio\u0301nde-activosimpuesto-sobre-losbienes-personalesy-moratoria_Google-1024x536.png",1024,536,true],"gs-tiny":["\/wp-content\/uploads\/Revivi\u0301-el-encuentroExteriorizacio\u0301nde-activosimpuesto-sobre-losbienes-personalesy-moratoria_Google-50x26.png",50,26,true],"xl":["\/wp-content\/uploads\/Revivi\u0301-el-encuentroExteriorizacio\u0301nde-activosimpuesto-sobre-losbienes-personalesy-moratoria_Google.png",1200,628,false],"xxl":["\/wp-content\/uploads\/Revivi\u0301-el-encuentroExteriorizacio\u0301nde-activosimpuesto-sobre-losbienes-personalesy-moratoria_Google.png",1200,628,false],"xxxl":["\/wp-content\/uploads\/Revivi\u0301-el-encuentroExteriorizacio\u0301nde-activosimpuesto-sobre-losbienes-personalesy-moratoria_Google.png",1200,628,false],"xxxxl":["\/wp-content\/uploads\/Revivi\u0301-el-encuentroExteriorizacio\u0301nde-activosimpuesto-sobre-losbienes-personalesy-moratoria_Google.png",1200,628,false],"xxxxxl":["\/wp-content\/uploads\/Revivi\u0301-el-encuentroExteriorizacio\u0301nde-activosimpuesto-sobre-losbienes-personalesy-moratoria_Google.png",1200,628,false],"1536x1536":["\/wp-content\/uploads\/Revivi\u0301-el-encuentroExteriorizacio\u0301nde-activosimpuesto-sobre-losbienes-personalesy-moratoria_Google.png",1200,628,false],"2048x2048":["\/wp-content\/uploads\/Revivi\u0301-el-encuentroExteriorizacio\u0301nde-activosimpuesto-sobre-losbienes-personalesy-moratoria_Google.png",1200,628,false]},"uagb_author_info":{"display_name":"Natalia Damele","author_link":"https:\/\/www.bancocmf.com.ar\/en\/author\/natalia_flux\/"},"uagb_comment_info":0,"uagb_excerpt":"Reviv\u00ed el \u00faltimo encuentro sobre: Exteriorizaci\u00f3n de activos, impuesto sobre los bienes personales y moratoria. En este nuevo encuentro, organizado por Banco CMF, se abordaron los temas de exteriorizaci\u00f3n de activos, impuesto sobre los bienes personales y moratoria. De la mano de Andr\u00e9s Edelstein y Juan Mariscal.","coauthors":[],"tax_additional":{"categories":{"linked":["<a href=\"https:\/\/www.bancocmf.com.ar\/en\/category\/financial-news-en\/\" class=\"advgb-post-tax-term\">Financial News<\/a>"],"unlinked":["<span class=\"advgb-post-tax-term\">Financial News<\/span>"]},"tags":{"linked":["<a href=\"https:\/\/www.bancocmf.com.ar\/en\/category\/financial-news-en\/\" class=\"advgb-post-tax-term\">#bancocmf<\/a>","<a href=\"https:\/\/www.bancocmf.com.ar\/en\/category\/financial-news-en\/\" class=\"advgb-post-tax-term\">#Blanqueo<\/a>","<a href=\"https:\/\/www.bancocmf.com.ar\/en\/category\/financial-news-en\/\" class=\"advgb-post-tax-term\">#moraroria<\/a>","<a href=\"https:\/\/www.bancocmf.com.ar\/en\/category\/financial-news-en\/\" class=\"advgb-post-tax-term\">economia<\/a>","<a href=\"https:\/\/www.bancocmf.com.ar\/en\/category\/financial-news-en\/\" class=\"advgb-post-tax-term\">mercado<\/a>","<a href=\"https:\/\/www.bancocmf.com.ar\/en\/category\/financial-news-en\/\" class=\"advgb-post-tax-term\">webinar<\/a>"],"unlinked":["<span class=\"advgb-post-tax-term\">#bancocmf<\/span>","<span class=\"advgb-post-tax-term\">#Blanqueo<\/span>","<span class=\"advgb-post-tax-term\">#moraroria<\/span>","<span class=\"advgb-post-tax-term\">economia<\/span>","<span class=\"advgb-post-tax-term\">mercado<\/span>","<span class=\"advgb-post-tax-term\">webinar<\/span>"]}},"comment_count":0,"relative_dates":{"created":"Posted 2 years ago","modified":"Updated 2 years ago"},"absolute_dates":{"created":"Posted on August 15, 2024","modified":"Updated on August 15, 2024"},"absolute_dates_time":{"created":"Posted on August 15, 2024 3:14 pm","modified":"Updated on August 15, 2024 3:17 pm"},"featured_img_caption":"","series_order":"","_links":{"self":[{"href":"https:\/\/www.bancocmf.com.ar\/en\/wp-json\/wp\/v2\/posts\/38950","targetHints":{"allow":["GET"]}}],"collection":[{"href":"https:\/\/www.bancocmf.com.ar\/en\/wp-json\/wp\/v2\/posts"}],"about":[{"href":"https:\/\/www.bancocmf.com.ar\/en\/wp-json\/wp\/v2\/types\/post"}],"author":[{"embeddable":true,"href":"https:\/\/www.bancocmf.com.ar\/en\/wp-json\/wp\/v2\/users\/3"}],"replies":[{"embeddable":true,"href":"https:\/\/www.bancocmf.com.ar\/en\/wp-json\/wp\/v2\/comments?post=38950"}],"version-history":[{"count":1,"href":"https:\/\/www.bancocmf.com.ar\/en\/wp-json\/wp\/v2\/posts\/38950\/revisions"}],"predecessor-version":[{"id":38951,"href":"https:\/\/www.bancocmf.com.ar\/en\/wp-json\/wp\/v2\/posts\/38950\/revisions\/38951"}],"wp:featuredmedia":[{"embeddable":true,"href":"https:\/\/www.bancocmf.com.ar\/en\/wp-json\/wp\/v2\/media\/38948"}],"wp:attachment":[{"href":"https:\/\/www.bancocmf.com.ar\/en\/wp-json\/wp\/v2\/media?parent=38950"}],"wp:term":[{"taxonomy":"category","embeddable":true,"href":"https:\/\/www.bancocmf.com.ar\/en\/wp-json\/wp\/v2\/categories?post=38950"},{"taxonomy":"post_tag","embeddable":true,"href":"https:\/\/www.bancocmf.com.ar\/en\/wp-json\/wp\/v2\/tags?post=38950"}],"curies":[{"name":"wp","href":"https:\/\/api.w.org\/{rel}","templated":true}]}}