{"id":38089,"date":"2024-06-14T10:52:07","date_gmt":"2024-06-14T13:52:07","guid":{"rendered":"https:\/\/www.bancocmf.com.ar\/cmf-pre-market-14-06-24\/"},"modified":"2024-06-14T10:53:24","modified_gmt":"2024-06-14T13:53:24","slug":"cmf-pre-market-14-06-24","status":"publish","type":"post","link":"https:\/\/www.bancocmf.com.ar\/en\/cmf-pre-market-14-06-24\/","title":{"rendered":"CMF PRE-MARKET 14-06-24"},"content":{"rendered":"\n<p><strong>\u00bfVuelve la tasa real positiva?<\/strong><\/p>\n\n\n\n<p>El secretario de Finanzas, Pablo Quirno, y el ministro de Econom\u00eda, Luis Caputo, indicaron que la tasa real negativa habr\u00eda llegado a su fin. Las declaraciones se dieron luego de que el Tesoro colocara una letra capitalizable a 90 d\u00edas a una tasa del 4,25% TEM. El mensaje fue una suerte de anticipaci\u00f3n del dato que se corroborar\u00eda 24hs despu\u00e9s: la inflaci\u00f3n de mayo fue 4,2% en el \u00edndice general, y solo 3,7% en la n\u00facleo. Ambos registros fueron los m\u00e1s bajos desde enero 2022; tambi\u00e9n se logr\u00f3 desacelerar la medici\u00f3n interanual por primera vez desde julio 2023. Las tasas fijas ten\u00edan incorporado un escenario de inflaci\u00f3n en l\u00ednea con el publicado por INDEC, sin embargo, los t\u00edtulos CER ajustaron sus valuaciones a la baja. <strong>El mes de junio podr\u00eda traer alg\u00fan susto temporal en la reducci\u00f3n de la inflaci\u00f3n, sin embargo, somos optimistas en el mediano plazo.<\/strong> El equilibrio de las cuentas p\u00fablicas, en conjunto con el aumento de la demanda de dinero, ayudar\u00e1 estabilizar el nivel de precios en niveles inferiores.<\/p>\n\n\n\n<ul class=\"wp-block-list\">\n<li><strong>Mercado de cambios:<\/strong> el BCRA contin\u00faa su <em>crawling peg<\/em> del 2% mensual y el FX mayorista abre la jornada en $905.<\/li>\n\n\n\n<li><strong>Activos locales al alza:<\/strong> ayer, luego de la aprobaci\u00f3n de las leyes en el Senado, los Globales subieron m\u00e1s de 3 puntos porcentuales en Nueva York, el riesgo pa\u00eds ajust\u00f3 a 1.421pts y el CCL cay\u00f3 2,2%. El Merval, por su parte, gan\u00f3 casi 5% en d\u00f3lares.<\/li>\n\n\n\n<li><strong>8va revisi\u00f3n del FMI aprobada:<\/strong> el FMI public\u00f3 la 8va revisi\u00f3n del Directorio del FMI, en donde se confirma la aprobaci\u00f3n del board y el consiguiente desembolso por USD 800 MM. El comunicado destaca el sobrecumplimiento de \u201ctodos los criterios cuantitativos\u201d.<\/li>\n\n\n\n<li><strong>Ganancias y BB.PP. en Diputados:<\/strong> el jefe de Gabinete, Guillermo Francos, confirm\u00f3 ayer que el oficialismo buscar\u00e1 que la C\u00e1mara Baja vuelva a aprobar los cambios presentados por el Gobierno en el paquete fiscal, desestimando el rechazo del Senado.<\/li>\n\n\n\n<li><strong>Leve liberaci\u00f3n del mercado financiero:<\/strong> el BCRA public\u00f3 una Comunicaci\u00f3n en la que relaja las restricciones para operar los d\u00f3lares cobrados por rentas y amortizaciones. Antes de la actualizaci\u00f3n era necesario pasar por el producido por el banco para luego poder volver a operarlos. Ahora, eso no ser\u00e1 necesario]; dispondr\u00e1n de 15 d\u00edas h\u00e1biles.<\/li>\n\n\n\n<li><strong>Contexto internacional: <\/strong>los \u00edndices de precios de importaci\u00f3n de mayo estuvieron en l\u00ednea con los precios al productor y mostraron una variaci\u00f3n negativa de 0,4%.\u00a0 Hoy se conocer\u00e1n las expectativas de inflaci\u00f3n a 5 a\u00f1os y Confianza del Consumidor medido por la Universidad de Michigan. La tasa de 10 cae a su nivel m\u00e1s bajo desde marzo.<\/li>\n<\/ul>\n\n\n\n<p><strong>Este informe ha sido elaborado a t\u00edtulo informativo. El presente NO debe ser tomado como una recomendaci\u00f3n o instrucci\u00f3n, y no reviste car\u00e1cter de ofertas de productos y\/o servicios ni solicitud de orden\u00a0de compra y\/o venta. Banco CMF S.A. no ser\u00e1 responsable por ning\u00fan error y\/u omisi\u00f3n del contenido.<\/strong><\/p>\n\n\n\n<p><strong><em>Copyright \u00a9 2017 Banco CMF S.A. All rights reserved.<\/em><\/strong><\/p>\n","protected":false},"excerpt":{"rendered":"<p>\u00bfVuelve la tasa real positiva? El secretario de Finanzas, Pablo Quirno, y el ministro de Econom\u00eda, Luis Caputo, indicaron que la tasa real negativa habr\u00eda llegado a su fin. Las declaraciones se dieron luego de que el Tesoro colocara una letra capitalizable a 90 d\u00edas a una tasa del 4,25% TEM. El mensaje fue una suerte de anticipaci\u00f3n del dato que se corroborar\u00eda 24hs despu\u00e9s: la inflaci\u00f3n de mayo fue 4,2% en el \u00edndice general, y solo 3,7% en la n\u00facleo. Ambos registros fueron los m\u00e1s bajos desde enero 2022; tambi\u00e9n se logr\u00f3 desacelerar la medici\u00f3n interanual por primera vez [&hellip;]<\/p>\n","protected":false},"author":14,"featured_media":0,"comment_status":"closed","ping_status":"closed","sticky":false,"template":"","format":"standard","meta":{"_uag_custom_page_level_css":"","advgb_blocks_editor_width":"","advgb_blocks_columns_visual_guide":"","site-sidebar-layout":"default","site-content-layout":"","ast-site-content-layout":"default","site-content-style":"default","site-sidebar-style":"default","ast-global-header-display":"","ast-banner-title-visibility":"","ast-main-header-display":"","ast-hfb-above-header-display":"","ast-hfb-below-header-display":"","ast-hfb-mobile-header-display":"","site-post-title":"","ast-breadcrumbs-content":"","ast-featured-img":"","footer-sml-layout":"","ast-disable-related-posts":"","theme-transparent-header-meta":"","adv-header-id-meta":"","stick-header-meta":"","header-above-stick-meta":"","header-main-stick-meta":"","header-below-stick-meta":"","astra-migrate-meta-layouts":"default","ast-page-background-enabled":"default","ast-page-background-meta":{"desktop":{"background-color":"var(--ast-global-color-4)","background-image":"","background-repeat":"repeat","background-position":"center center","background-size":"auto","background-attachment":"scroll","background-type":"","background-media":"","overlay-type":"","overlay-color":"","overlay-opacity":"","overlay-gradient":""},"tablet":{"background-color":"","background-image":"","background-repeat":"repeat","background-position":"center center","background-size":"auto","background-attachment":"scroll","background-type":"","background-media":"","overlay-type":"","overlay-color":"","overlay-opacity":"","overlay-gradient":""},"mobile":{"background-color":"","background-image":"","background-repeat":"repeat","background-position":"center center","background-size":"auto","background-attachment":"scroll","background-type":"","background-media":"","overlay-type":"","overlay-color":"","overlay-opacity":"","overlay-gradient":""}},"ast-content-background-meta":{"desktop":{"background-color":"var(--ast-global-color-5)","background-image":"","background-repeat":"repeat","background-position":"center center","background-size":"auto","background-attachment":"scroll","background-type":"","background-media":"","overlay-type":"","overlay-color":"","overlay-opacity":"","overlay-gradient":""},"tablet":{"background-color":"var(--ast-global-color-5)","background-image":"","background-repeat":"repeat","background-position":"center center","background-size":"auto","background-attachment":"scroll","background-type":"","background-media":"","overlay-type":"","overlay-color":"","overlay-opacity":"","overlay-gradient":""},"mobile":{"background-color":"var(--ast-global-color-5)","background-image":"","background-repeat":"repeat","background-position":"center center","background-size":"auto","background-attachment":"scroll","background-type":"","background-media":"","overlay-type":"","overlay-color":"","overlay-opacity":"","overlay-gradient":""}},"_joinchat":[],"footnotes":""},"categories":[56],"tags":[],"class_list":["post-38089","post","type-post","status-publish","format-standard","hentry","category-pre-market-daily-close-en"],"yoast_head":"<!-- This site is optimized with the Yoast SEO plugin v27.2 - https:\/\/yoast.com\/product\/yoast-seo-wordpress\/ -->\n<title>CMF PRE-MARKET 14-06-24<\/title>\n<meta name=\"description\" content=\"CMF PRE-MARKET 14-06-24\" \/>\n<meta name=\"robots\" content=\"index, follow, max-snippet:-1, max-image-preview:large, max-video-preview:-1\" \/>\n<link rel=\"canonical\" href=\"https:\/\/www.bancocmf.com.ar\/en\/cmf-pre-market-14-06-24\/\" \/>\n<meta property=\"og:locale\" content=\"en_US\" \/>\n<meta property=\"og:type\" content=\"article\" \/>\n<meta property=\"og:title\" content=\"CMF PRE-MARKET 14-06-24\" \/>\n<meta property=\"og:description\" content=\"CMF PRE-MARKET 14-06-24\" \/>\n<meta property=\"og:url\" content=\"https:\/\/www.bancocmf.com.ar\/en\/cmf-pre-market-14-06-24\/\" \/>\n<meta property=\"og:site_name\" content=\"Banco CMF\" \/>\n<meta property=\"article:publisher\" content=\"https:\/\/www.facebook.com\/BancoCMF\" \/>\n<meta property=\"article:published_time\" content=\"2024-06-14T13:52:07+00:00\" \/>\n<meta property=\"article:modified_time\" content=\"2024-06-14T13:53:24+00:00\" \/>\n<meta property=\"og:image\" content=\"https:\/\/www.bancocmf.com.ar\/wp-content\/uploads\/Cmf-Logo.png\" \/>\n\t<meta property=\"og:image:width\" content=\"254\" \/>\n\t<meta property=\"og:image:height\" content=\"106\" \/>\n\t<meta property=\"og:image:type\" content=\"image\/png\" \/>\n<meta name=\"author\" content=\"Franco Adrian Berra\" \/>\n<meta name=\"twitter:card\" content=\"summary_large_image\" \/>\n<meta name=\"twitter:creator\" content=\"@BancoCMF\" \/>\n<meta name=\"twitter:site\" content=\"@BancoCMF\" \/>\n<meta name=\"twitter:label1\" content=\"Written by\" \/>\n\t<meta name=\"twitter:data1\" content=\"Franco Adrian Berra\" \/>\n\t<meta name=\"twitter:label2\" content=\"Est. reading time\" \/>\n\t<meta name=\"twitter:data2\" content=\"3 minutes\" \/>\n<script type=\"application\/ld+json\" class=\"yoast-schema-graph\">{\"@context\":\"https:\/\/schema.org\",\"@graph\":[{\"@type\":\"Article\",\"@id\":\"https:\/\/www.bancocmf.com.ar\/en\/cmf-pre-market-14-06-24\/#article\",\"isPartOf\":{\"@id\":\"https:\/\/www.bancocmf.com.ar\/en\/cmf-pre-market-14-06-24\/\"},\"author\":{\"name\":\"Franco Adrian Berra\",\"@id\":\"https:\/\/www.bancocmf.com.ar\/#\/schema\/person\/efebf4507badcb7acbb9052bad2d8ad2\"},\"headline\":\"CMF PRE-MARKET 14-06-24\",\"datePublished\":\"2024-06-14T13:52:07+00:00\",\"dateModified\":\"2024-06-14T13:53:24+00:00\",\"mainEntityOfPage\":{\"@id\":\"https:\/\/www.bancocmf.com.ar\/en\/cmf-pre-market-14-06-24\/\"},\"wordCount\":537,\"publisher\":{\"@id\":\"https:\/\/www.bancocmf.com.ar\/#organization\"},\"articleSection\":[\"Pre Market &amp; Daily Close\"],\"inLanguage\":\"en-US\"},{\"@type\":\"WebPage\",\"@id\":\"https:\/\/www.bancocmf.com.ar\/en\/cmf-pre-market-14-06-24\/\",\"url\":\"https:\/\/www.bancocmf.com.ar\/en\/cmf-pre-market-14-06-24\/\",\"name\":\"CMF PRE-MARKET 14-06-24\",\"isPartOf\":{\"@id\":\"https:\/\/www.bancocmf.com.ar\/#website\"},\"datePublished\":\"2024-06-14T13:52:07+00:00\",\"dateModified\":\"2024-06-14T13:53:24+00:00\",\"description\":\"CMF PRE-MARKET 14-06-24\",\"inLanguage\":\"en-US\",\"potentialAction\":[{\"@type\":\"ReadAction\",\"target\":[\"https:\/\/www.bancocmf.com.ar\/en\/cmf-pre-market-14-06-24\/\"]}]},{\"@type\":\"WebSite\",\"@id\":\"https:\/\/www.bancocmf.com.ar\/#website\",\"url\":\"https:\/\/www.bancocmf.com.ar\/\",\"name\":\"Banco CMF\",\"description\":\"Valor es conocerte\",\"publisher\":{\"@id\":\"https:\/\/www.bancocmf.com.ar\/#organization\"},\"alternateName\":\"CMF\",\"potentialAction\":[{\"@type\":\"SearchAction\",\"target\":{\"@type\":\"EntryPoint\",\"urlTemplate\":\"https:\/\/www.bancocmf.com.ar\/?s={search_term_string}\"},\"query-input\":{\"@type\":\"PropertyValueSpecification\",\"valueRequired\":true,\"valueName\":\"search_term_string\"}}],\"inLanguage\":\"en-US\"},{\"@type\":\"Organization\",\"@id\":\"https:\/\/www.bancocmf.com.ar\/#organization\",\"name\":\"Banco CMF\",\"alternateName\":\"CMF\",\"url\":\"https:\/\/www.bancocmf.com.ar\/\",\"logo\":{\"@type\":\"ImageObject\",\"inLanguage\":\"en-US\",\"@id\":\"https:\/\/www.bancocmf.com.ar\/#\/schema\/logo\/image\/\",\"url\":\"\/wp-content\/uploads\/2023\/12\/cmf-banco-corporativo.png\",\"contentUrl\":\"\/wp-content\/uploads\/2023\/12\/cmf-banco-corporativo.png\",\"width\":254,\"height\":106,\"caption\":\"Banco CMF\"},\"image\":{\"@id\":\"https:\/\/www.bancocmf.com.ar\/#\/schema\/logo\/image\/\"},\"sameAs\":[\"https:\/\/www.facebook.com\/BancoCMF\",\"https:\/\/x.com\/BancoCMF\",\"https:\/\/www.linkedin.com\/company\/bancocmf\/\"]},{\"@type\":\"Person\",\"@id\":\"https:\/\/www.bancocmf.com.ar\/#\/schema\/person\/efebf4507badcb7acbb9052bad2d8ad2\",\"name\":\"Franco Adrian Berra\",\"image\":{\"@type\":\"ImageObject\",\"inLanguage\":\"en-US\",\"@id\":\"https:\/\/secure.gravatar.com\/avatar\/2e32d350e972c7bf02640d41e09497adfa7f15b6315c0b857fd4b9011e40291b?s=96&d=mm&r=g\",\"url\":\"https:\/\/secure.gravatar.com\/avatar\/2e32d350e972c7bf02640d41e09497adfa7f15b6315c0b857fd4b9011e40291b?s=96&d=mm&r=g\",\"contentUrl\":\"https:\/\/secure.gravatar.com\/avatar\/2e32d350e972c7bf02640d41e09497adfa7f15b6315c0b857fd4b9011e40291b?s=96&d=mm&r=g\",\"caption\":\"Franco Adrian Berra\"}}]}<\/script>\n<!-- \/ Yoast SEO plugin. -->","yoast_head_json":{"title":"CMF PRE-MARKET 14-06-24","description":"CMF PRE-MARKET 14-06-24","robots":{"index":"index","follow":"follow","max-snippet":"max-snippet:-1","max-image-preview":"max-image-preview:large","max-video-preview":"max-video-preview:-1"},"canonical":"https:\/\/www.bancocmf.com.ar\/en\/cmf-pre-market-14-06-24\/","og_locale":"en_US","og_type":"article","og_title":"CMF PRE-MARKET 14-06-24","og_description":"CMF PRE-MARKET 14-06-24","og_url":"https:\/\/www.bancocmf.com.ar\/en\/cmf-pre-market-14-06-24\/","og_site_name":"Banco CMF","article_publisher":"https:\/\/www.facebook.com\/BancoCMF","article_published_time":"2024-06-14T13:52:07+00:00","article_modified_time":"2024-06-14T13:53:24+00:00","og_image":[{"width":254,"height":106,"url":"https:\/\/www.bancocmf.com.ar\/wp-content\/uploads\/Cmf-Logo.png","type":"image\/png"}],"author":"Franco Adrian Berra","twitter_card":"summary_large_image","twitter_creator":"@BancoCMF","twitter_site":"@BancoCMF","twitter_misc":{"Written by":"Franco Adrian Berra","Est. reading time":"3 minutes"},"schema":{"@context":"https:\/\/schema.org","@graph":[{"@type":"Article","@id":"https:\/\/www.bancocmf.com.ar\/en\/cmf-pre-market-14-06-24\/#article","isPartOf":{"@id":"https:\/\/www.bancocmf.com.ar\/en\/cmf-pre-market-14-06-24\/"},"author":{"name":"Franco Adrian Berra","@id":"https:\/\/www.bancocmf.com.ar\/#\/schema\/person\/efebf4507badcb7acbb9052bad2d8ad2"},"headline":"CMF PRE-MARKET 14-06-24","datePublished":"2024-06-14T13:52:07+00:00","dateModified":"2024-06-14T13:53:24+00:00","mainEntityOfPage":{"@id":"https:\/\/www.bancocmf.com.ar\/en\/cmf-pre-market-14-06-24\/"},"wordCount":537,"publisher":{"@id":"https:\/\/www.bancocmf.com.ar\/#organization"},"articleSection":["Pre Market &amp; Daily Close"],"inLanguage":"en-US"},{"@type":"WebPage","@id":"https:\/\/www.bancocmf.com.ar\/en\/cmf-pre-market-14-06-24\/","url":"https:\/\/www.bancocmf.com.ar\/en\/cmf-pre-market-14-06-24\/","name":"CMF PRE-MARKET 14-06-24","isPartOf":{"@id":"https:\/\/www.bancocmf.com.ar\/#website"},"datePublished":"2024-06-14T13:52:07+00:00","dateModified":"2024-06-14T13:53:24+00:00","description":"CMF PRE-MARKET 14-06-24","inLanguage":"en-US","potentialAction":[{"@type":"ReadAction","target":["https:\/\/www.bancocmf.com.ar\/en\/cmf-pre-market-14-06-24\/"]}]},{"@type":"WebSite","@id":"https:\/\/www.bancocmf.com.ar\/#website","url":"https:\/\/www.bancocmf.com.ar\/","name":"Banco CMF","description":"Valor es conocerte","publisher":{"@id":"https:\/\/www.bancocmf.com.ar\/#organization"},"alternateName":"CMF","potentialAction":[{"@type":"SearchAction","target":{"@type":"EntryPoint","urlTemplate":"https:\/\/www.bancocmf.com.ar\/?s={search_term_string}"},"query-input":{"@type":"PropertyValueSpecification","valueRequired":true,"valueName":"search_term_string"}}],"inLanguage":"en-US"},{"@type":"Organization","@id":"https:\/\/www.bancocmf.com.ar\/#organization","name":"Banco CMF","alternateName":"CMF","url":"https:\/\/www.bancocmf.com.ar\/","logo":{"@type":"ImageObject","inLanguage":"en-US","@id":"https:\/\/www.bancocmf.com.ar\/#\/schema\/logo\/image\/","url":"\/wp-content\/uploads\/2023\/12\/cmf-banco-corporativo.png","contentUrl":"\/wp-content\/uploads\/2023\/12\/cmf-banco-corporativo.png","width":254,"height":106,"caption":"Banco CMF"},"image":{"@id":"https:\/\/www.bancocmf.com.ar\/#\/schema\/logo\/image\/"},"sameAs":["https:\/\/www.facebook.com\/BancoCMF","https:\/\/x.com\/BancoCMF","https:\/\/www.linkedin.com\/company\/bancocmf\/"]},{"@type":"Person","@id":"https:\/\/www.bancocmf.com.ar\/#\/schema\/person\/efebf4507badcb7acbb9052bad2d8ad2","name":"Franco Adrian Berra","image":{"@type":"ImageObject","inLanguage":"en-US","@id":"https:\/\/secure.gravatar.com\/avatar\/2e32d350e972c7bf02640d41e09497adfa7f15b6315c0b857fd4b9011e40291b?s=96&d=mm&r=g","url":"https:\/\/secure.gravatar.com\/avatar\/2e32d350e972c7bf02640d41e09497adfa7f15b6315c0b857fd4b9011e40291b?s=96&d=mm&r=g","contentUrl":"https:\/\/secure.gravatar.com\/avatar\/2e32d350e972c7bf02640d41e09497adfa7f15b6315c0b857fd4b9011e40291b?s=96&d=mm&r=g","caption":"Franco Adrian Berra"}}]}},"author_meta":{"display_name":"Franco Adrian Berra","author_link":"https:\/\/www.bancocmf.com.ar\/en\/author\/fberra\/"},"featured_img":null,"uagb_featured_image_src":{"full":false,"thumbnail":false,"medium":false,"medium_large":false,"large":false,"gs-tiny":false,"xl":false,"xxl":false,"xxxl":false,"xxxxl":false,"xxxxxl":false,"1536x1536":false,"2048x2048":false},"uagb_author_info":{"display_name":"Franco Adrian Berra","author_link":"https:\/\/www.bancocmf.com.ar\/en\/author\/fberra\/"},"uagb_comment_info":0,"uagb_excerpt":"\u00bfVuelve la tasa real positiva? El secretario de Finanzas, Pablo Quirno, y el ministro de Econom\u00eda, Luis Caputo, indicaron que la tasa real negativa habr\u00eda llegado a su fin. Las declaraciones se dieron luego de que el Tesoro colocara una letra capitalizable a 90 d\u00edas a una tasa del 4,25% TEM. El mensaje fue una&hellip;","coauthors":[],"tax_additional":{"categories":{"linked":["<a href=\"https:\/\/www.bancocmf.com.ar\/en\/category\/pre-market-daily-close-en\/\" class=\"advgb-post-tax-term\">Pre Market &amp; Daily Close<\/a>"],"unlinked":["<span class=\"advgb-post-tax-term\">Pre Market &amp; Daily Close<\/span>"]}},"comment_count":0,"relative_dates":{"created":"Posted 2 years ago","modified":"Updated 2 years ago"},"absolute_dates":{"created":"Posted on June 14, 2024","modified":"Updated on June 14, 2024"},"absolute_dates_time":{"created":"Posted on June 14, 2024 10:52 am","modified":"Updated on June 14, 2024 10:53 am"},"featured_img_caption":"","series_order":"","_links":{"self":[{"href":"https:\/\/www.bancocmf.com.ar\/en\/wp-json\/wp\/v2\/posts\/38089","targetHints":{"allow":["GET"]}}],"collection":[{"href":"https:\/\/www.bancocmf.com.ar\/en\/wp-json\/wp\/v2\/posts"}],"about":[{"href":"https:\/\/www.bancocmf.com.ar\/en\/wp-json\/wp\/v2\/types\/post"}],"author":[{"embeddable":true,"href":"https:\/\/www.bancocmf.com.ar\/en\/wp-json\/wp\/v2\/users\/14"}],"replies":[{"embeddable":true,"href":"https:\/\/www.bancocmf.com.ar\/en\/wp-json\/wp\/v2\/comments?post=38089"}],"version-history":[{"count":1,"href":"https:\/\/www.bancocmf.com.ar\/en\/wp-json\/wp\/v2\/posts\/38089\/revisions"}],"predecessor-version":[{"id":38090,"href":"https:\/\/www.bancocmf.com.ar\/en\/wp-json\/wp\/v2\/posts\/38089\/revisions\/38090"}],"wp:attachment":[{"href":"https:\/\/www.bancocmf.com.ar\/en\/wp-json\/wp\/v2\/media?parent=38089"}],"wp:term":[{"taxonomy":"category","embeddable":true,"href":"https:\/\/www.bancocmf.com.ar\/en\/wp-json\/wp\/v2\/categories?post=38089"},{"taxonomy":"post_tag","embeddable":true,"href":"https:\/\/www.bancocmf.com.ar\/en\/wp-json\/wp\/v2\/tags?post=38089"}],"curies":[{"name":"wp","href":"https:\/\/api.w.org\/{rel}","templated":true}]}}