{"id":34297,"date":"2024-02-27T13:35:49","date_gmt":"2024-02-27T16:35:49","guid":{"rendered":"https:\/\/www.bancocmf.com.ar\/cmf-pre-market-27-02-2024\/"},"modified":"2024-04-30T00:19:32","modified_gmt":"2024-04-30T03:19:32","slug":"cmf-pre-market-27-02-2024","status":"publish","type":"post","link":"https:\/\/www.bancocmf.com.ar\/en\/cmf-pre-market-27-02-2024\/","title":{"rendered":"CMF PRE-MARKET 27-02-2024"},"content":{"rendered":"\n<p><\/p>\n\n\n\n<p><strong><strong><strong><strong><strong><strong><strong><strong><strong><strong><strong><strong><strong><strong><strong><strong><strong><strong><strong><strong><strong><strong><strong><strong><strong><strong><strong><strong>Conflicto y default<\/strong><\/strong><\/strong><\/strong><\/strong><\/strong><\/strong><\/strong><\/strong><\/strong><\/strong><\/strong><\/strong><\/strong><\/strong><\/strong><\/strong><\/strong><\/strong><\/strong><\/strong><\/strong><\/strong><\/strong><\/strong><\/strong><\/strong><\/strong><\/p>\n\n\n\n<p><em><em><em><em><em><em><em><em><em><em><em><em><em><em><em><em><em><em><em><em><em><em><em><em><em><em><em><em><em><em>Desde que inici\u00f3 el mandato, el Gobierno de&nbsp;LLA&nbsp;se ha enfrentado a gobernadores y legisladores como a ning\u00fan otro grupo pol\u00edtico. Desde el&nbsp;discurso inaugural&nbsp;a espaldas del Congreso y la fuerte reducci\u00f3n en las transferencias discrecionales a provincias, el Ejecutivo eligi\u00f3 como principal oposici\u00f3n a lo que&nbsp;Javier Milei&nbsp;denomina \u201cla casta\u201d. El mensaje del presidente es claro: \u201cno hay plata\u201d, y en base a eso justifica sus decisiones sobre los recursos. Milei pregona la escasez de los mismos como&nbsp;principio rector de la econom\u00eda y busca poder hac\u00e9rselo entender a los gobernadores. El ajuste sobre las transferencias discrecionales tiene sus efectos directos sobre las finanzas provinciales, al punto tal que La Rioja&nbsp;decidi\u00f3 entrar en default de su bono 2028, al no pagar&nbsp;USD 26 MM&nbsp;que vencieron el 24 de febrero; la provincia cit\u00f3 como uno de los problemas principales del impago al ajuste de las transferencias del Gobierno nacional. La Provincia de Buenos Aires tambi\u00e9n se sum\u00f3 al conflicto denunciando el accionar como \u201crobo de recursos\u201d. La din\u00e1mica del enfrentamiento Naci\u00f3n-Provincias puede afectar fuertemente la curva subsoberana, principalmente si se considera al default de La Rioja como algo evitable.<strong> Recomendamos cautela en bonos provinciales en moneda extranjera que dependan mucho de la ayuda de la Administraci\u00f3n Nacional como Jujuy, Chaco y Misiones.<\/strong><\/em><\/em><\/em><\/em><\/em><\/em><\/em><\/em><\/em><\/em><\/em><\/em><\/em><\/em><\/em><\/em><\/em><\/em><\/em><\/em><\/em><\/em><\/em><\/em><\/em><\/em><\/em><\/em><\/em><\/em><\/p>\n\n\n\n<ul class=\"wp-block-list\"><li><strong><strong><strong><strong><strong><strong><strong><strong><strong>Mercado de cambios:<\/strong> <\/strong><\/strong><\/strong><\/strong><\/strong><\/strong><\/strong><\/strong>el BCRA contin\u00faa su <em>crawling peg<\/em> del 2% mensual y el FX mayorista abre la jornada en $841,2<strong><strong><strong><strong><strong><strong><strong><strong>.<\/strong><\/strong><\/strong><\/strong><\/strong><\/strong><\/strong><\/strong><\/li><li><strong><strong><strong><strong><strong><strong><strong><strong><strong>Posible reestructuraci\u00f3n de La Rioja: <\/strong><\/strong><\/strong><\/strong><\/strong><\/strong><\/strong><\/strong><\/strong>la Provincia de la Rioja inform\u00f3 su intenci\u00f3n de iniciar un proceso de consultas con bonistas para reestructurar su bono 2028, afirmando que \u201cenfrenta desaf\u00edos econ\u00f3micos sin precedentes\u201d. El 24 de febrero vencieron USD 26,3 MM y en agosto vencer\u00e1n otros USD 50,7 MM.<\/li><li><strong><strong><strong><strong><strong><strong><strong><strong><strong>Provincia de Buenos Aires:<\/strong><\/strong><\/strong><\/strong><\/strong><\/strong><\/strong><\/strong><\/strong> tras la eliminaci\u00f3n del Fondo de Fortalecimiento Fiscal, que en 2023 signific\u00f3 giros de Naci\u00f3n a PBA por $243.000 MM, Kicillof inform\u00f3 que ir\u00e1 a la Corte Suprema y que se reunir\u00e1 hoy con mandatarios de distintos espacios pol\u00edticos. El pr\u00f3ximo viernes, PBA deber\u00e1 pagar USD 352 MM por sus Bonos 2037.<\/li><li><strong><strong><strong><strong><strong><strong><strong><strong><strong>Licitaci\u00f3n: <\/strong><\/strong><\/strong><\/strong><\/strong><\/strong><\/strong><\/strong><\/strong>en la subasta de ayer, el MECON emiti\u00f3 $3,20 billones, de los cuales $1,54 billones fueron de TZX25 a CER-13%, $947.000 MM de TZX26 a CER -5%, $416.000 MM de TZV25 a DL+0,9% y $290.000 MM de X20Y4 a CER-86,8%. Hoy el BCRA ofrecer\u00e1 puts de TZX26.<\/li><li><strong><strong><strong><strong><strong><strong><strong><strong><strong>BOPREAL Serie 3:<\/strong><\/strong><\/strong><\/strong><\/strong><\/strong><\/strong><\/strong><\/strong> luego de haber completado la emisi\u00f3n de USD 5.000 del bono para importadores Serie 1 y de USD 2.000 MM de la Serie 2, el BCRA ofrecer\u00e1 ma\u00f1ana y el jueves hasta USD 3.000 MM en su primera licitaci\u00f3n de la Serie 3, que no tiene opci\u00f3n de rescate anticipado ni se puede aplicar al pago de impuestos, y cuyo primer pago de amortizaci\u00f3n es en noviembre 2025.<\/li><li><strong><strong><strong><strong><strong><strong>Saldo en el MULC:<\/strong> <\/strong><\/strong><\/strong><\/strong><\/strong>el viernes el Banco Central compr\u00f3 USD 73 MM en el MULC, acumulando un saldo positivo de USD 5.525 MM en lo que va del a\u00f1o y un neto de USD 8.388 desde la devaluaci\u00f3n.<\/li><li><strong><strong><strong><strong><strong><strong>Equity: <\/strong><\/strong><\/strong><\/strong><\/strong><\/strong>el mercado internacional opera levemente al alza en el pre-market y se mantiene en zona de m\u00e1ximos.<\/li><\/ul>\n\n\n\n<p><\/p>\n\n\n\n<p><\/p>\n\n\n\n<p><\/p>\n\n\n\n<p><strong>Este informe ha sido elaborado a t\u00edtulo informativo. El presente NO debe ser tomado como una recomendaci\u00f3n o instrucci\u00f3n, y no reviste car\u00e1cter de ofertas de productos y\/o servicios ni solicitud de orden&nbsp; de compra y\/o venta. Banco CMF S.A. no ser\u00e1 responsable por ning\u00fan error y\/u omisi\u00f3n del contenido.<\/strong><\/p>\n\n\n\n<p><strong><em>Copyright \u00a9 2017 Banco CMF S.A. All rights reserved.<\/em><\/strong><strong><\/strong><\/p>\n","protected":false},"excerpt":{"rendered":"<p>Descripci\u00f3n de la tendencia de apertura de mercados en Europa y cierre en Asia. Recordatorio de eventos del calendario econ\u00f3mico mensual. Apertura de futuros de USA, US Tr. 10yr y precios de commodities relevantes.<\/p>\n","protected":false},"author":17,"featured_media":32490,"comment_status":"closed","ping_status":"closed","sticky":false,"template":"","format":"standard","meta":{"_uag_custom_page_level_css":"","advgb_blocks_editor_width":"","advgb_blocks_columns_visual_guide":"","site-sidebar-layout":"default","site-content-layout":"","ast-site-content-layout":"default","site-content-style":"default","site-sidebar-style":"default","ast-global-header-display":"","ast-banner-title-visibility":"","ast-main-header-display":"","ast-hfb-above-header-display":"","ast-hfb-below-header-display":"","ast-hfb-mobile-header-display":"","site-post-title":"","ast-breadcrumbs-content":"","ast-featured-img":"","footer-sml-layout":"","ast-disable-related-posts":"","theme-transparent-header-meta":"","adv-header-id-meta":"","stick-header-meta":"","header-above-stick-meta":"","header-main-stick-meta":"","header-below-stick-meta":"","astra-migrate-meta-layouts":"default","ast-page-background-enabled":"default","ast-page-background-meta":{"desktop":{"background-color":"var(--ast-global-color-4)","background-image":"","background-repeat":"repeat","background-position":"center center","background-size":"auto","background-attachment":"scroll","background-type":"","background-media":"","overlay-type":"","overlay-color":"","overlay-opacity":"","overlay-gradient":""},"tablet":{"background-color":"","background-image":"","background-repeat":"repeat","background-position":"center center","background-size":"auto","background-attachment":"scroll","background-type":"","background-media":"","overlay-type":"","overlay-color":"","overlay-opacity":"","overlay-gradient":""},"mobile":{"background-color":"","background-image":"","background-repeat":"repeat","background-position":"center center","background-size":"auto","background-attachment":"scroll","background-type":"","background-media":"","overlay-type":"","overlay-color":"","overlay-opacity":"","overlay-gradient":""}},"ast-content-background-meta":{"desktop":{"background-color":"var(--ast-global-color-5)","background-image":"","background-repeat":"repeat","background-position":"center center","background-size":"auto","background-attachment":"scroll","background-type":"","background-media":"","overlay-type":"","overlay-color":"","overlay-opacity":"","overlay-gradient":""},"tablet":{"background-color":"var(--ast-global-color-5)","background-image":"","background-repeat":"repeat","background-position":"center center","background-size":"auto","background-attachment":"scroll","background-type":"","background-media":"","overlay-type":"","overlay-color":"","overlay-opacity":"","overlay-gradient":""},"mobile":{"background-color":"var(--ast-global-color-5)","background-image":"","background-repeat":"repeat","background-position":"center center","background-size":"auto","background-attachment":"scroll","background-type":"","background-media":"","overlay-type":"","overlay-color":"","overlay-opacity":"","overlay-gradient":""}},"_joinchat":[],"footnotes":""},"categories":[56,1],"tags":[],"class_list":["post-34297","post","type-post","status-publish","format-standard","has-post-thumbnail","hentry","category-pre-market-daily-close-en","category-sin-categorizar"],"yoast_head":"<!-- This site is optimized with the Yoast SEO plugin v27.2 - https:\/\/yoast.com\/product\/yoast-seo-wordpress\/ -->\n<title>CMF PRE-MARKET 27-02-2024 - Banco CMF - Banco Corporativo<\/title>\n<meta name=\"description\" content=\"Descripci\u00f3n de la tendencia de apertura de mercados en Europa y cierre en Asia. Recordatorio de eventos del calendario econ\u00f3mico mensual.\" \/>\n<meta name=\"robots\" content=\"index, follow, max-snippet:-1, max-image-preview:large, max-video-preview:-1\" \/>\n<link rel=\"canonical\" href=\"https:\/\/www.bancocmf.com.ar\/en\/cmf-pre-market-27-02-2024\/\" \/>\n<meta property=\"og:locale\" content=\"en_US\" \/>\n<meta property=\"og:type\" content=\"article\" \/>\n<meta property=\"og:title\" content=\"CMF PRE-MARKET 27-02-2024 - Banco CMF - Banco Corporativo\" \/>\n<meta property=\"og:description\" content=\"Descripci\u00f3n de la tendencia de apertura de mercados en Europa y cierre en Asia. Recordatorio de eventos del calendario econ\u00f3mico mensual.\" \/>\n<meta property=\"og:url\" content=\"https:\/\/www.bancocmf.com.ar\/en\/cmf-pre-market-27-02-2024\/\" \/>\n<meta property=\"og:site_name\" content=\"Banco CMF\" \/>\n<meta property=\"article:publisher\" content=\"https:\/\/www.facebook.com\/BancoCMF\" \/>\n<meta property=\"article:published_time\" content=\"2024-02-27T16:35:49+00:00\" \/>\n<meta property=\"article:modified_time\" content=\"2024-04-30T03:19:32+00:00\" \/>\n<meta property=\"og:image\" content=\"https:\/\/www.bancocmf.com.ar\/wp-content\/uploads\/2019\/11\/CMF-Pre-Market-1.jpg\" \/>\n\t<meta property=\"og:image:width\" content=\"800\" \/>\n\t<meta property=\"og:image:height\" content=\"600\" \/>\n\t<meta property=\"og:image:type\" content=\"image\/jpeg\" \/>\n<meta name=\"author\" content=\"Bancocmf Prod\" \/>\n<meta name=\"twitter:card\" content=\"summary_large_image\" \/>\n<meta name=\"twitter:creator\" content=\"@BancoCMF\" \/>\n<meta name=\"twitter:site\" content=\"@BancoCMF\" \/>\n<meta name=\"twitter:label1\" content=\"Written by\" \/>\n\t<meta name=\"twitter:data1\" content=\"Bancocmf Prod\" \/>\n\t<meta name=\"twitter:label2\" content=\"Est. reading time\" \/>\n\t<meta name=\"twitter:data2\" content=\"3 minutes\" \/>\n<script type=\"application\/ld+json\" class=\"yoast-schema-graph\">{\"@context\":\"https:\/\/schema.org\",\"@graph\":[{\"@type\":\"Article\",\"@id\":\"https:\/\/www.bancocmf.com.ar\/en\/cmf-pre-market-27-02-2024\/#article\",\"isPartOf\":{\"@id\":\"https:\/\/www.bancocmf.com.ar\/en\/cmf-pre-market-27-02-2024\/\"},\"author\":{\"name\":\"Bancocmf Prod\",\"@id\":\"https:\/\/www.bancocmf.com.ar\/#\/schema\/person\/21b6beeb3bce925b151a1902cac5fa18\"},\"headline\":\"CMF PRE-MARKET 27-02-2024\",\"datePublished\":\"2024-02-27T16:35:49+00:00\",\"dateModified\":\"2024-04-30T03:19:32+00:00\",\"mainEntityOfPage\":{\"@id\":\"https:\/\/www.bancocmf.com.ar\/en\/cmf-pre-market-27-02-2024\/\"},\"wordCount\":606,\"publisher\":{\"@id\":\"https:\/\/www.bancocmf.com.ar\/#organization\"},\"image\":{\"@id\":\"https:\/\/www.bancocmf.com.ar\/en\/cmf-pre-market-27-02-2024\/#primaryimage\"},\"thumbnailUrl\":\"\/wp-content\/uploads\/2019\/11\/CMF-Pre-Market-1.jpg\",\"articleSection\":[\"Pre Market &amp; Daily Close\"],\"inLanguage\":\"en-US\"},{\"@type\":\"WebPage\",\"@id\":\"https:\/\/www.bancocmf.com.ar\/en\/cmf-pre-market-27-02-2024\/\",\"url\":\"https:\/\/www.bancocmf.com.ar\/en\/cmf-pre-market-27-02-2024\/\",\"name\":\"CMF PRE-MARKET 27-02-2024 - Banco CMF - Banco Corporativo\",\"isPartOf\":{\"@id\":\"https:\/\/www.bancocmf.com.ar\/#website\"},\"primaryImageOfPage\":{\"@id\":\"https:\/\/www.bancocmf.com.ar\/en\/cmf-pre-market-27-02-2024\/#primaryimage\"},\"image\":{\"@id\":\"https:\/\/www.bancocmf.com.ar\/en\/cmf-pre-market-27-02-2024\/#primaryimage\"},\"thumbnailUrl\":\"\/wp-content\/uploads\/2019\/11\/CMF-Pre-Market-1.jpg\",\"datePublished\":\"2024-02-27T16:35:49+00:00\",\"dateModified\":\"2024-04-30T03:19:32+00:00\",\"description\":\"Descripci\u00f3n de la tendencia de apertura de mercados en Europa y cierre en Asia. Recordatorio de eventos del calendario econ\u00f3mico mensual.\",\"inLanguage\":\"en-US\",\"potentialAction\":[{\"@type\":\"ReadAction\",\"target\":[\"https:\/\/www.bancocmf.com.ar\/en\/cmf-pre-market-27-02-2024\/\"]}]},{\"@type\":\"ImageObject\",\"inLanguage\":\"en-US\",\"@id\":\"https:\/\/www.bancocmf.com.ar\/en\/cmf-pre-market-27-02-2024\/#primaryimage\",\"url\":\"\/wp-content\/uploads\/2019\/11\/CMF-Pre-Market-1.jpg\",\"contentUrl\":\"\/wp-content\/uploads\/2019\/11\/CMF-Pre-Market-1.jpg\",\"width\":800,\"height\":600},{\"@type\":\"WebSite\",\"@id\":\"https:\/\/www.bancocmf.com.ar\/#website\",\"url\":\"https:\/\/www.bancocmf.com.ar\/\",\"name\":\"Banco CMF\",\"description\":\"Valor es conocerte\",\"publisher\":{\"@id\":\"https:\/\/www.bancocmf.com.ar\/#organization\"},\"alternateName\":\"CMF\",\"potentialAction\":[{\"@type\":\"SearchAction\",\"target\":{\"@type\":\"EntryPoint\",\"urlTemplate\":\"https:\/\/www.bancocmf.com.ar\/?s={search_term_string}\"},\"query-input\":{\"@type\":\"PropertyValueSpecification\",\"valueRequired\":true,\"valueName\":\"search_term_string\"}}],\"inLanguage\":\"en-US\"},{\"@type\":\"Organization\",\"@id\":\"https:\/\/www.bancocmf.com.ar\/#organization\",\"name\":\"Banco CMF\",\"alternateName\":\"CMF\",\"url\":\"https:\/\/www.bancocmf.com.ar\/\",\"logo\":{\"@type\":\"ImageObject\",\"inLanguage\":\"en-US\",\"@id\":\"https:\/\/www.bancocmf.com.ar\/#\/schema\/logo\/image\/\",\"url\":\"\/wp-content\/uploads\/2023\/12\/cmf-banco-corporativo.png\",\"contentUrl\":\"\/wp-content\/uploads\/2023\/12\/cmf-banco-corporativo.png\",\"width\":254,\"height\":106,\"caption\":\"Banco CMF\"},\"image\":{\"@id\":\"https:\/\/www.bancocmf.com.ar\/#\/schema\/logo\/image\/\"},\"sameAs\":[\"https:\/\/www.facebook.com\/BancoCMF\",\"https:\/\/x.com\/BancoCMF\",\"https:\/\/www.linkedin.com\/company\/bancocmf\/\"]},{\"@type\":\"Person\",\"@id\":\"https:\/\/www.bancocmf.com.ar\/#\/schema\/person\/21b6beeb3bce925b151a1902cac5fa18\",\"name\":\"Bancocmf Prod\",\"image\":{\"@type\":\"ImageObject\",\"inLanguage\":\"en-US\",\"@id\":\"https:\/\/secure.gravatar.com\/avatar\/10b1b7276cc6831d5d38f988a68221863ac6aee7c2443c2d7c13cd273d37763a?s=96&d=mm&r=g\",\"url\":\"https:\/\/secure.gravatar.com\/avatar\/10b1b7276cc6831d5d38f988a68221863ac6aee7c2443c2d7c13cd273d37763a?s=96&d=mm&r=g\",\"contentUrl\":\"https:\/\/secure.gravatar.com\/avatar\/10b1b7276cc6831d5d38f988a68221863ac6aee7c2443c2d7c13cd273d37763a?s=96&d=mm&r=g\",\"caption\":\"Bancocmf Prod\"}}]}<\/script>\n<!-- \/ Yoast SEO plugin. -->","yoast_head_json":{"title":"CMF PRE-MARKET 27-02-2024 - Banco CMF - Banco Corporativo","description":"Descripci\u00f3n de la tendencia de apertura de mercados en Europa y cierre en Asia. Recordatorio de eventos del calendario econ\u00f3mico mensual.","robots":{"index":"index","follow":"follow","max-snippet":"max-snippet:-1","max-image-preview":"max-image-preview:large","max-video-preview":"max-video-preview:-1"},"canonical":"https:\/\/www.bancocmf.com.ar\/en\/cmf-pre-market-27-02-2024\/","og_locale":"en_US","og_type":"article","og_title":"CMF PRE-MARKET 27-02-2024 - Banco CMF - Banco Corporativo","og_description":"Descripci\u00f3n de la tendencia de apertura de mercados en Europa y cierre en Asia. Recordatorio de eventos del calendario econ\u00f3mico mensual.","og_url":"https:\/\/www.bancocmf.com.ar\/en\/cmf-pre-market-27-02-2024\/","og_site_name":"Banco CMF","article_publisher":"https:\/\/www.facebook.com\/BancoCMF","article_published_time":"2024-02-27T16:35:49+00:00","article_modified_time":"2024-04-30T03:19:32+00:00","og_image":[{"width":800,"height":600,"url":"https:\/\/www.bancocmf.com.ar\/wp-content\/uploads\/2019\/11\/CMF-Pre-Market-1.jpg","type":"image\/jpeg"}],"author":"Bancocmf Prod","twitter_card":"summary_large_image","twitter_creator":"@BancoCMF","twitter_site":"@BancoCMF","twitter_misc":{"Written by":"Bancocmf Prod","Est. reading time":"3 minutes"},"schema":{"@context":"https:\/\/schema.org","@graph":[{"@type":"Article","@id":"https:\/\/www.bancocmf.com.ar\/en\/cmf-pre-market-27-02-2024\/#article","isPartOf":{"@id":"https:\/\/www.bancocmf.com.ar\/en\/cmf-pre-market-27-02-2024\/"},"author":{"name":"Bancocmf Prod","@id":"https:\/\/www.bancocmf.com.ar\/#\/schema\/person\/21b6beeb3bce925b151a1902cac5fa18"},"headline":"CMF PRE-MARKET 27-02-2024","datePublished":"2024-02-27T16:35:49+00:00","dateModified":"2024-04-30T03:19:32+00:00","mainEntityOfPage":{"@id":"https:\/\/www.bancocmf.com.ar\/en\/cmf-pre-market-27-02-2024\/"},"wordCount":606,"publisher":{"@id":"https:\/\/www.bancocmf.com.ar\/#organization"},"image":{"@id":"https:\/\/www.bancocmf.com.ar\/en\/cmf-pre-market-27-02-2024\/#primaryimage"},"thumbnailUrl":"\/wp-content\/uploads\/2019\/11\/CMF-Pre-Market-1.jpg","articleSection":["Pre Market &amp; Daily Close"],"inLanguage":"en-US"},{"@type":"WebPage","@id":"https:\/\/www.bancocmf.com.ar\/en\/cmf-pre-market-27-02-2024\/","url":"https:\/\/www.bancocmf.com.ar\/en\/cmf-pre-market-27-02-2024\/","name":"CMF PRE-MARKET 27-02-2024 - Banco CMF - Banco Corporativo","isPartOf":{"@id":"https:\/\/www.bancocmf.com.ar\/#website"},"primaryImageOfPage":{"@id":"https:\/\/www.bancocmf.com.ar\/en\/cmf-pre-market-27-02-2024\/#primaryimage"},"image":{"@id":"https:\/\/www.bancocmf.com.ar\/en\/cmf-pre-market-27-02-2024\/#primaryimage"},"thumbnailUrl":"\/wp-content\/uploads\/2019\/11\/CMF-Pre-Market-1.jpg","datePublished":"2024-02-27T16:35:49+00:00","dateModified":"2024-04-30T03:19:32+00:00","description":"Descripci\u00f3n de la tendencia de apertura de mercados en Europa y cierre en Asia. Recordatorio de eventos del calendario econ\u00f3mico mensual.","inLanguage":"en-US","potentialAction":[{"@type":"ReadAction","target":["https:\/\/www.bancocmf.com.ar\/en\/cmf-pre-market-27-02-2024\/"]}]},{"@type":"ImageObject","inLanguage":"en-US","@id":"https:\/\/www.bancocmf.com.ar\/en\/cmf-pre-market-27-02-2024\/#primaryimage","url":"\/wp-content\/uploads\/2019\/11\/CMF-Pre-Market-1.jpg","contentUrl":"\/wp-content\/uploads\/2019\/11\/CMF-Pre-Market-1.jpg","width":800,"height":600},{"@type":"WebSite","@id":"https:\/\/www.bancocmf.com.ar\/#website","url":"https:\/\/www.bancocmf.com.ar\/","name":"Banco CMF","description":"Valor es conocerte","publisher":{"@id":"https:\/\/www.bancocmf.com.ar\/#organization"},"alternateName":"CMF","potentialAction":[{"@type":"SearchAction","target":{"@type":"EntryPoint","urlTemplate":"https:\/\/www.bancocmf.com.ar\/?s={search_term_string}"},"query-input":{"@type":"PropertyValueSpecification","valueRequired":true,"valueName":"search_term_string"}}],"inLanguage":"en-US"},{"@type":"Organization","@id":"https:\/\/www.bancocmf.com.ar\/#organization","name":"Banco CMF","alternateName":"CMF","url":"https:\/\/www.bancocmf.com.ar\/","logo":{"@type":"ImageObject","inLanguage":"en-US","@id":"https:\/\/www.bancocmf.com.ar\/#\/schema\/logo\/image\/","url":"\/wp-content\/uploads\/2023\/12\/cmf-banco-corporativo.png","contentUrl":"\/wp-content\/uploads\/2023\/12\/cmf-banco-corporativo.png","width":254,"height":106,"caption":"Banco CMF"},"image":{"@id":"https:\/\/www.bancocmf.com.ar\/#\/schema\/logo\/image\/"},"sameAs":["https:\/\/www.facebook.com\/BancoCMF","https:\/\/x.com\/BancoCMF","https:\/\/www.linkedin.com\/company\/bancocmf\/"]},{"@type":"Person","@id":"https:\/\/www.bancocmf.com.ar\/#\/schema\/person\/21b6beeb3bce925b151a1902cac5fa18","name":"Bancocmf Prod","image":{"@type":"ImageObject","inLanguage":"en-US","@id":"https:\/\/secure.gravatar.com\/avatar\/10b1b7276cc6831d5d38f988a68221863ac6aee7c2443c2d7c13cd273d37763a?s=96&d=mm&r=g","url":"https:\/\/secure.gravatar.com\/avatar\/10b1b7276cc6831d5d38f988a68221863ac6aee7c2443c2d7c13cd273d37763a?s=96&d=mm&r=g","contentUrl":"https:\/\/secure.gravatar.com\/avatar\/10b1b7276cc6831d5d38f988a68221863ac6aee7c2443c2d7c13cd273d37763a?s=96&d=mm&r=g","caption":"Bancocmf Prod"}}]}},"author_meta":{"display_name":"Bancocmf Prod","author_link":"https:\/\/www.bancocmf.com.ar\/en\/author\/bancocmf_prod\/"},"featured_img":"\/wp-content\/uploads\/2019\/11\/CMF-Pre-Market-1-300x225.jpg","uagb_featured_image_src":{"full":["\/wp-content\/uploads\/2019\/11\/CMF-Pre-Market-1.jpg",800,600,false],"thumbnail":["\/wp-content\/uploads\/2019\/11\/CMF-Pre-Market-1-150x150.jpg",150,150,true],"medium":["\/wp-content\/uploads\/2019\/11\/CMF-Pre-Market-1-300x225.jpg",300,225,true],"medium_large":["\/wp-content\/uploads\/2019\/11\/CMF-Pre-Market-1-768x576.jpg",768,576,true],"large":["\/wp-content\/uploads\/2019\/11\/CMF-Pre-Market-1.jpg",800,600,false],"gs-tiny":["\/wp-content\/uploads\/2019\/11\/CMF-Pre-Market-1-50x38.jpg",50,38,true],"xl":["\/wp-content\/uploads\/2019\/11\/CMF-Pre-Market-1.jpg",800,600,false],"xxl":["\/wp-content\/uploads\/2019\/11\/CMF-Pre-Market-1.jpg",800,600,false],"xxxl":["\/wp-content\/uploads\/2019\/11\/CMF-Pre-Market-1.jpg",800,600,false],"xxxxl":["\/wp-content\/uploads\/2019\/11\/CMF-Pre-Market-1.jpg",800,600,false],"xxxxxl":["\/wp-content\/uploads\/2019\/11\/CMF-Pre-Market-1.jpg",800,600,false],"1536x1536":["\/wp-content\/uploads\/2019\/11\/CMF-Pre-Market-1.jpg",800,600,false],"2048x2048":["\/wp-content\/uploads\/2019\/11\/CMF-Pre-Market-1.jpg",800,600,false]},"uagb_author_info":{"display_name":"Bancocmf Prod","author_link":"https:\/\/www.bancocmf.com.ar\/en\/author\/bancocmf_prod\/"},"uagb_comment_info":0,"uagb_excerpt":"Descripci\u00f3n de la tendencia de apertura de mercados en Europa y cierre en Asia. Recordatorio de eventos del calendario econ\u00f3mico mensual. Apertura de futuros de USA, US Tr. 10yr y precios de commodities relevantes.","coauthors":[],"tax_additional":{"categories":{"linked":["<a href=\"https:\/\/www.bancocmf.com.ar\/en\/category\/pre-market-daily-close-en\/\" class=\"advgb-post-tax-term\">Pre Market &amp; Daily Close<\/a>","<a href=\"https:\/\/www.bancocmf.com.ar\/en\/category\/sin-categorizar\/\" class=\"advgb-post-tax-term\">Uncategorized<\/a>"],"unlinked":["<span class=\"advgb-post-tax-term\">Pre Market &amp; Daily Close<\/span>","<span class=\"advgb-post-tax-term\">Uncategorized<\/span>"]}},"comment_count":0,"relative_dates":{"created":"Posted 2 years ago","modified":"Updated 2 years ago"},"absolute_dates":{"created":"Posted on February 27, 2024","modified":"Updated on April 30, 2024"},"absolute_dates_time":{"created":"Posted on February 27, 2024 1:35 pm","modified":"Updated on April 30, 2024 12:19 am"},"featured_img_caption":"","series_order":"","_links":{"self":[{"href":"https:\/\/www.bancocmf.com.ar\/en\/wp-json\/wp\/v2\/posts\/34297","targetHints":{"allow":["GET"]}}],"collection":[{"href":"https:\/\/www.bancocmf.com.ar\/en\/wp-json\/wp\/v2\/posts"}],"about":[{"href":"https:\/\/www.bancocmf.com.ar\/en\/wp-json\/wp\/v2\/types\/post"}],"author":[{"embeddable":true,"href":"https:\/\/www.bancocmf.com.ar\/en\/wp-json\/wp\/v2\/users\/17"}],"replies":[{"embeddable":true,"href":"https:\/\/www.bancocmf.com.ar\/en\/wp-json\/wp\/v2\/comments?post=34297"}],"version-history":[{"count":1,"href":"https:\/\/www.bancocmf.com.ar\/en\/wp-json\/wp\/v2\/posts\/34297\/revisions"}],"predecessor-version":[{"id":35835,"href":"https:\/\/www.bancocmf.com.ar\/en\/wp-json\/wp\/v2\/posts\/34297\/revisions\/35835"}],"wp:featuredmedia":[{"embeddable":true,"href":"https:\/\/www.bancocmf.com.ar\/en\/wp-json\/wp\/v2\/media\/32490"}],"wp:attachment":[{"href":"https:\/\/www.bancocmf.com.ar\/en\/wp-json\/wp\/v2\/media?parent=34297"}],"wp:term":[{"taxonomy":"category","embeddable":true,"href":"https:\/\/www.bancocmf.com.ar\/en\/wp-json\/wp\/v2\/categories?post=34297"},{"taxonomy":"post_tag","embeddable":true,"href":"https:\/\/www.bancocmf.com.ar\/en\/wp-json\/wp\/v2\/tags?post=34297"}],"curies":[{"name":"wp","href":"https:\/\/api.w.org\/{rel}","templated":true}]}}